{"id":238526,"date":"2022-11-16T09:56:12","date_gmt":"2022-11-16T15:56:12","guid":{"rendered":"https:\/\/plazajuarez.mx\/?p=238526"},"modified":"2022-11-16T09:56:18","modified_gmt":"2022-11-16T15:56:18","slug":"el-mexe-y-su-reapertura-un-caso-de-cuidado","status":"publish","type":"post","link":"https:\/\/plazajuarez.mx\/historico\/el-mexe-y-su-reapertura-un-caso-de-cuidado\/","title":{"rendered":"EL MEXE Y SU REAPERTURA: UN CASO DE CUIDADO"},"content":{"rendered":"\n<h2 class=\"wp-block-heading\"><em>ALFIL NEGRO<\/em><\/h2>\n\n\n\n<p>El jueves 10 de noviembre, normalistas de EL MEXE bloquearon el bulevar Santa Catarina a un costado del Congreso, para apresurar sus peticiones y exigencias de clases presenciales, as\u00ed como el caso del internado de los alumnos y otras exigencias en una acci\u00f3n muy del estilo de esta normal que hace de plantones, marchas y manifestaciones un modo de actuar y que pese al tiempo que ha pasado con la escuela cerrada, por lo menos parcialmente, se mantiene como estilo de hacer presencia.<\/p>\n\n\n\n<p>Hubo un inconveniente, que habla de este modo de actuar y que de manera elegante el Secretario de Educaci\u00f3n del estado NATIVIDAD CASTREJ\u00d3N, dej\u00f3 muy claro, al se\u00f1alar que era innecesaria esta manera de proceder de los normalistas, porque ellos ya conocen la programaci\u00f3n de reapertura presencial, dotaci\u00f3n de recursos y todo sobre el tema del internado.<\/p>\n\n\n\n<p>Y fue todav\u00eda m\u00e1s claro y firme al se\u00f1alar: \u201cLOS ALUMNOS DEL MEXE CONOCEN PERFECTAMENTE BIEN EL CASO, SE HA TENIDO CON ELLOS UNA GRAN CANTIDAD DE REUNIONES, SABEN PERFECTAMENTE QU\u00c9 EST\u00c1 AUTORIZADO, SABEN QUE LLEGA EL DINERO ANTES DE DICIEMBRE\u201d.<\/p>\n\n\n\n<p>Los normalistas, agreg\u00f3, saben a trav\u00e9s de estas estar reuniones que llegar\u00e1n 27 millones de pesos para la construcci\u00f3n del primer edificio y 7 millones para ir sentando las bases para los estudios, de lo que ser\u00e1 el internado y otro mill\u00f3n para que se haga la remodelaci\u00f3n r\u00e1pida del casco, de los ba\u00f1os y de lo m\u00e1s urgente de la normal.<\/p>\n\n\n\n<p>Y luego, una explicaci\u00f3n inteligente y que la deben entender todos: \u201cEllos tienen el programa, LO QUE PASA ES QUE ES PARTE DE SUS FORMAS PARA EXIGIR EL CUMPLIMIENTO A UNA PROMESA DEL PRESIDENTE\u201d.<\/p>\n\n\n\n<p>Y una conclusi\u00f3n con mensaje al se\u00f1alar que las acciones de los normalistas fueron innecesarias toda vez que ya conoc\u00edan la din\u00e1mica.<\/p>\n\n\n\n<p>Si los normalistas ya estaban enterados de c\u00f3mo iban las cosas en relaci\u00f3n con la respuesta federal, \u00bfqu\u00e9 sentido tuvo o tiene el cierre del bulevar como presi\u00f3n para que se dieran cumplimiento a sus exigencias?<\/p>\n\n\n\n<p>La expresi\u00f3n de Castrej\u00f3n de que ellos tienen el programa pero LO QUE PASA ES PARTE DE SUS FORMAS PARA EXIGIR EL CUMPLIMIENTO A UNA PROMESA PRESIDENCIAL, habla de lo que puede venirse para el estado cuando est\u00e1 normal abra nuevamente ya en forma.<\/p>\n\n\n\n<p>De suyo la reapertura de esta normal tiene sus bemoles por lo que ha sido, positiva en mucho, pero en buena parte pretexto para acciones lamentables que lastiman la tranquilidad y afectan los derechos de terceros.<\/p>\n\n\n\n<p>Son muchos los vivos que ya se frotan las manos pensando que EL MEXE ser\u00e1 un bot\u00edn para ellos y sus causas, como se dice piensa el alcalde de San Salvador que se sue\u00f1a como autoridad de la normal. Y con \u00e9l otros m\u00e1s.<\/p>\n\n\n\n<p><strong>A ver si no sale m\u00e1s caro el caldo que las alb\u00f3ndigas.<\/strong><\/p>\n","protected":false},"excerpt":{"rendered":"<p>ALFIL NEGRO El jueves 10 de noviembre, normalistas de EL MEXE bloquearon el bulevar Santa Catarina a un costado del Congreso, para apresurar sus peticiones y exigencias de clases presenciales, as\u00ed como el caso del internado de los alumnos y otras exigencias en una acci\u00f3n muy del estilo de esta normal que hace de plantones, [&hellip;]<\/p>\n","protected":false},"author":83,"featured_media":234680,"comment_status":"closed","ping_status":"closed","sticky":false,"template":"","format":"standard","meta":{"footnotes":""},"categories":[48,42],"tags":[],"class_list":["post-238526","post","type-post","status-publish","format-standard","has-post-thumbnail","hentry","category-adalberto-peralta","category-nuestrapalabra"],"_links":{"self":[{"href":"https:\/\/plazajuarez.mx\/historico\/wp-json\/wp\/v2\/posts\/238526","targetHints":{"allow":["GET"]}}],"collection":[{"href":"https:\/\/plazajuarez.mx\/historico\/wp-json\/wp\/v2\/posts"}],"about":[{"href":"https:\/\/plazajuarez.mx\/historico\/wp-json\/wp\/v2\/types\/post"}],"author":[{"embeddable":true,"href":"https:\/\/plazajuarez.mx\/historico\/wp-json\/wp\/v2\/users\/83"}],"replies":[{"embeddable":true,"href":"https:\/\/plazajuarez.mx\/historico\/wp-json\/wp\/v2\/comments?post=238526"}],"version-history":[{"count":0,"href":"https:\/\/plazajuarez.mx\/historico\/wp-json\/wp\/v2\/posts\/238526\/revisions"}],"wp:featuredmedia":[{"embeddable":true,"href":"https:\/\/plazajuarez.mx\/historico\/wp-json\/wp\/v2\/media\/234680"}],"wp:attachment":[{"href":"https:\/\/plazajuarez.mx\/historico\/wp-json\/wp\/v2\/media?parent=238526"}],"wp:term":[{"taxonomy":"category","embeddable":true,"href":"https:\/\/plazajuarez.mx\/historico\/wp-json\/wp\/v2\/categories?post=238526"},{"taxonomy":"post_tag","embeddable":true,"href":"https:\/\/plazajuarez.mx\/historico\/wp-json\/wp\/v2\/tags?post=238526"}],"curies":[{"name":"wp","href":"https:\/\/api.w.org\/{rel}","templated":true}]}}