{"id":238524,"date":"2022-11-16T09:55:21","date_gmt":"2022-11-16T15:55:21","guid":{"rendered":"https:\/\/plazajuarez.mx\/?p=238524"},"modified":"2022-11-16T09:55:27","modified_gmt":"2022-11-16T15:55:27","slug":"el-simple-y-sencillo-gusto-de-vivir","status":"publish","type":"post","link":"https:\/\/plazajuarez.mx\/historico\/el-simple-y-sencillo-gusto-de-vivir\/","title":{"rendered":"El simple y sencillo gusto de vivir"},"content":{"rendered":"\n<h2 class=\"wp-block-heading\">RETRATOS HABLADOS<\/h2>\n\n\n\n<p>Abrir los ojos, reconocer cada pedazo diminuto del cielo que se asoma por la ventana; respirar, jalar aire en estos tiempos que tanto miedo se le tiene, pero que en ese 2018 era diferente porque supon\u00eda inflar los pulmones y con ello la vida. Reconectarse con el tiempo, dejar para siempre la absurda prisa por llegar a qui\u00e9n sabe qu\u00e9 lado, saberse salvado y con la certeza de que el camino es eso, el destino es eso, la esperanza otra y con seguridad la \u00fanica que vale la pena.<\/p>\n\n\n\n<p>A muchos les hab\u00eda preguntado en los hospitales, de manera indirecta en los funerales con sus parientes, si puede aprenderse algo de andar en calidad moribundo, pero unos porque no quisieron responder, y otros porque no hay quien al momento de velar al que se fue no gusten de confeccionarle un recuerdo glamoroso, el asunto es que solo una mujer tranquila, serena, me dijo que hasta que se vive en carne propia se puede tener una buena respuesta.<\/p>\n\n\n\n<p>Y pues s\u00ed, es cierto. Por eso hasta estos tiempos, luego de tanto terror a respirar ante desconocidos, y adem\u00e1s porque la edad, si no nos hace m\u00e1s sabios nos hace menos zoquetes, es que empezamos el camino \u00fanico de empezar a darle valor a lo que vale la pena con o sin nosotros, pero decimos que ser\u00e1 o ser\u00eda mucho mejor si tenemos la oportunidad de estar presentes.<\/p>\n\n\n\n<p>Es coincidencia pero respirar es algo que se agradece, y respirar con ganas, con la profunda convicci\u00f3n de que no cualquiera llena los pulmones sin el terror que seguro invadi\u00f3 a los que, en un hospital fueron v\u00edctimas de un virus que no se cans\u00f3, no se cansa todav\u00eda, de maltratar a esta pobre humanidad. Ojal\u00e1, nos decimos, podamos conservar esa posibilidad, es decir la de respirar.<\/p>\n\n\n\n<p>Aprendemos que lo m\u00e1s importante que nos pueda pasar en la vida est\u00e1 justo aqu\u00ed, en este instante, en esta ciudad que aprendemos a amar cada vez m\u00e1s porque guarda precisamente a cada una de las personas que amamos, que todos los d\u00edas nos hacen falta para caminar alegres, dichosos, ciertos de que no importa si todav\u00eda tenemos mucho o poco camino por recorrer, lo que vale es intentarlo d\u00eda a d\u00eda.<\/p>\n\n\n\n<p>Desde siempre deb\u00ed haber mirado con m\u00e1s capacidad de admiraci\u00f3n la vida, no digo que con ansias desenfrenadas de felicidad, porque es igual que la fe se gana o se recibe como gracia. Pero si buscar ese ingrediente, \u00fanico y vital cuando se piensa que todo lleg\u00f3 a su fin.&nbsp;<\/p>\n\n\n\n<p>As\u00ed que tal vez la ganancia m\u00e1s importante de ver que el cielo crece en el peque\u00f1o cuadro de la ventana, es que el tiempo es finito, que se termina m\u00e1s r\u00e1pido si no se hace algo por dignificarlo, y con ello dignificar nuestra propia existencia.<\/p>\n\n\n\n<p>Ser\u00e1 preciso volver a recuperar la memoria donde se qued\u00f3 estacionada, y con ello reencontrar la luz m\u00e1s brillante que vimos al nacer, que luego decidimos apagar, hacerla nada, pero que siempre regresa para dar todas las oportunidades que necesitamos.<\/p>\n\n\n\n<p>Cada cual guarda ese brillo en los ojos, \u00fanico, especial, esperanzador. Cada cual lo reconoce en las diminutas ventanas que tienen las miradas que devuelven la vida cuando se pens\u00f3 perdida para siempre.<\/p>\n\n\n\n<p>Y por eso volvemos a levantarnos, a saludar la vida, a creer que con todo y el horror que nos pint\u00f3 un a\u00f1o como el 2020, estamos vacunados con la necia y constante vocaci\u00f3n por creer, por amar cada espacio por donde vamos a cumplir un destino que nunca ser\u00e1 fatal, porque adem\u00e1s es ganancia absoluta que del 2018 al 2020 todo lo vivido es extraordinario, pil\u00f3n de gracia que no muchos reciben.&nbsp;<\/p>\n\n\n\n<p>De tal modo que respiro no para m\u00ed, sino para los que ya nunca podr\u00e1n ver a sus seres amados hacerlo, pero que un d\u00eda ya no tal lejano recordar\u00e1n este cap\u00edtulo gris y triste, como hoy lo hago, feliz de poderlo hacer y rogar porque otros lo hagan tambi\u00e9n, pese al dolor, pese a la tristeza necia que no se va.<\/p>\n\n\n\n<p>Mil gracias, hasta ma\u00f1ana.<\/p>\n\n\n\n<p><a href=\"mailto:jeperalta@plazajuarez.mx\/historico\/historico\">jeperalta@plazajuarez.mx\/historico\/historico<\/a><\/p>\n\n\n\n<p>@JavierEPeralta<\/p>\n","protected":false},"excerpt":{"rendered":"<p>RETRATOS HABLADOS Abrir los ojos, reconocer cada pedazo diminuto del cielo que se asoma por la ventana; respirar, jalar aire en estos tiempos que tanto miedo se le tiene, pero que en ese 2018 era diferente porque supon\u00eda inflar los pulmones y con ello la vida. Reconectarse con el tiempo, dejar para siempre la absurda [&hellip;]<\/p>\n","protected":false},"author":10,"featured_media":234662,"comment_status":"closed","ping_status":"closed","sticky":false,"template":"","format":"standard","meta":{"footnotes":""},"categories":[49,42],"tags":[],"class_list":["post-238524","post","type-post","status-publish","format-standard","has-post-thumbnail","hentry","category-javier-peralta","category-nuestrapalabra"],"_links":{"self":[{"href":"https:\/\/plazajuarez.mx\/historico\/wp-json\/wp\/v2\/posts\/238524","targetHints":{"allow":["GET"]}}],"collection":[{"href":"https:\/\/plazajuarez.mx\/historico\/wp-json\/wp\/v2\/posts"}],"about":[{"href":"https:\/\/plazajuarez.mx\/historico\/wp-json\/wp\/v2\/types\/post"}],"author":[{"embeddable":true,"href":"https:\/\/plazajuarez.mx\/historico\/wp-json\/wp\/v2\/users\/10"}],"replies":[{"embeddable":true,"href":"https:\/\/plazajuarez.mx\/historico\/wp-json\/wp\/v2\/comments?post=238524"}],"version-history":[{"count":0,"href":"https:\/\/plazajuarez.mx\/historico\/wp-json\/wp\/v2\/posts\/238524\/revisions"}],"wp:featuredmedia":[{"embeddable":true,"href":"https:\/\/plazajuarez.mx\/historico\/wp-json\/wp\/v2\/media\/234662"}],"wp:attachment":[{"href":"https:\/\/plazajuarez.mx\/historico\/wp-json\/wp\/v2\/media?parent=238524"}],"wp:term":[{"taxonomy":"category","embeddable":true,"href":"https:\/\/plazajuarez.mx\/historico\/wp-json\/wp\/v2\/categories?post=238524"},{"taxonomy":"post_tag","embeddable":true,"href":"https:\/\/plazajuarez.mx\/historico\/wp-json\/wp\/v2\/tags?post=238524"}],"curies":[{"name":"wp","href":"https:\/\/api.w.org\/{rel}","templated":true}]}}