{"id":238517,"date":"2022-11-16T09:52:01","date_gmt":"2022-11-16T15:52:01","guid":{"rendered":"https:\/\/plazajuarez.mx\/?p=238517"},"modified":"2022-11-16T09:52:09","modified_gmt":"2022-11-16T15:52:09","slug":"dese-por-enterado-1053","status":"publish","type":"post","link":"https:\/\/plazajuarez.mx\/historico\/dese-por-enterado-1053\/","title":{"rendered":"DESE POR ENTERADO"},"content":{"rendered":"\n<p><strong>SISTEMA DE RADIO HIDALGUENSE, PODR\u00cdA SALVARSE<\/strong>. \u2013 No, si algunos insisten en que es irremediable que desaparezca el Sistema de Radio Hidalguense, \u201cporque la ley es la ley\u201d, pronto, o muy pronto, se enterar\u00e1n de que, con todo, puede haber un arreglo que pudiera permitir que el desenlace no sea tan cruel como se observa. Y es que todo se trata de que haya voluntad pol\u00edtica del Instituto Federal de Telecomunicaciones. Porque, an\u00f3telo, el presidente, <strong>Andr\u00e9s Manuel L\u00f3pez Obrador<\/strong>, ya recibi\u00f3 la solicitud para que intervenga. Y, le guste a unos, y a otros les moleste el estilo del Jefe de la Naci\u00f3n, todos sabemos que cuando decide algo, es porque lo va a hacer. Y por lo mientras las esperanzas renacen. Ojal\u00e1 as\u00ed sea.<\/p>\n\n\n<div class=\"wp-block-image\">\n<figure class=\"aligncenter size-full\"><img loading=\"lazy\" decoding=\"async\" width=\"1280\" height=\"652\" src=\"https:\/\/plazajuarez.mx\/historico\/historico\/wp-content\/uploads\/2022\/11\/SISTEMA-DE-RADIO-HIDALGUENSE-PODRI\u0301A-SALVARSE.-\u2013-Especial-.jpeg\" alt=\"\" class=\"wp-image-238518\" srcset=\"https:\/\/plazajuarez.mx\/historico\/wp-content\/uploads\/2022\/11\/SISTEMA-DE-RADIO-HIDALGUENSE-PODRI\u0301A-SALVARSE.-\u2013-Especial-.jpeg 1280w, https:\/\/plazajuarez.mx\/historico\/wp-content\/uploads\/2022\/11\/SISTEMA-DE-RADIO-HIDALGUENSE-PODRI\u0301A-SALVARSE.-\u2013-Especial--768x391.jpeg 768w\" sizes=\"auto, (max-width: 1280px) 100vw, 1280px\" \/><\/figure>\n<\/div>\n\n\n<p><strong>JMK, M\u00c1S CARGOS, EL ASUNTO ES POL\u00cdTICO.<\/strong> \u2013 Todo indica que las acusaciones realizadas en contra del ex Procurador General de la Rep\u00fablica, <strong>Jes\u00fas Murillo Karam<\/strong>, hechas con base en una \u201cinvestigaci\u00f3n\u201d realizada por <strong>Alejandro Encinas<\/strong> en torno al asesinato de los 43 de Ayotzinapa, se fueron a pique luego de evidenciarse que la base de esa supuesta \u201cinvestigaci\u00f3n\u201d fueron capturas de pantalla de WhatsApp falsificadas. Por lo mismo, se encarg\u00f3 al titular de la Unidad de Inteligencia Financiera de Hacienda, el eterno diputado federal, senador y todo lo que a usted se le ocurra, <strong>Pablo G\u00f3mez<\/strong>, y que en breve regresar\u00e1 al Congreso federal, buscar algo que pudiera mantener preso a JMK. Y vieran ustedes que ni tardo ni perezoso ya dijo que tiene listo el caso. No, el asunto no es de justicia, es pol\u00edtico como dijo <strong>Murillo Karam<\/strong> desde el principio.<\/p>\n\n\n<div class=\"wp-block-image\">\n<figure class=\"aligncenter size-full\"><img loading=\"lazy\" decoding=\"async\" width=\"630\" height=\"388\" src=\"https:\/\/plazajuarez.mx\/historico\/historico\/wp-content\/uploads\/2022\/11\/JMK-MA\u0301S-CARGOS-EL-ASUNTO-ES-POLI\u0301TICO.-\u2013-Cortesi\u0301a-.jpg\" alt=\"\" class=\"wp-image-238519\" srcset=\"https:\/\/plazajuarez.mx\/historico\/wp-content\/uploads\/2022\/11\/JMK-MA\u0301S-CARGOS-EL-ASUNTO-ES-POLI\u0301TICO.-\u2013-Cortesi\u0301a-.jpg 630w, https:\/\/plazajuarez.mx\/historico\/wp-content\/uploads\/2022\/11\/JMK-MA\u0301S-CARGOS-EL-ASUNTO-ES-POLI\u0301TICO.-\u2013-Cortesi\u0301a--702x432.jpg 702w\" sizes=\"auto, (max-width: 630px) 100vw, 630px\" \/><\/figure>\n<\/div>\n\n\n<p><strong>ASESINOS DE AGENTE MINISTERIAL, DETENIDOS.<\/strong> \u2013 Bien la acci\u00f3n tomada por el encargado del despacho de la Procuradur\u00eda General de Justicia de Hidalgo, <strong>Santiago Nieto,<\/strong> en no echar en saco roto el crimen cometido por habitantes de la comunidad de Santa Mar\u00eda Asunci\u00f3n, en Tula, al linchar a dos agentes ministeriales que acudieron para entregar un citatorio cuando fueron golpeados de manera brutal por habitantes del lugar, lo que provoc\u00f3 la muerte de uno de ellos. Se trata de personas ligadas a organizaciones criminales dedicadas al huachicoleo. Y debe haber m\u00e1s culpables en esta cobarde agresi\u00f3n. Bien que no se permitan este tipo de hechos, y que quien la haya hecho la pague.<\/p>\n\n\n\n<p><strong>EL REGRESO DE LOS CORREDORES LOCOS DE LAS URBANS.<\/strong> \u2013 Est\u00e1n de vuelta. Luego que se hab\u00edan replegado por la aparici\u00f3n del Tuzob\u00fas, ya se ven en las calles y avenidas de Pachuca, a los ya famosos cafres del volante que conducen urbans con pasaje completo, y que les vale, les vale absolutamente si matan a uno o dos. Llevan prisa por la raz\u00f3n que usted quiera, pero nadie les pone un alto. La situaci\u00f3n puede derivar en un accidente de consecuencias inimaginables. No digan que no les avisamos.<\/p>\n\n\n<div class=\"wp-block-image\">\n<figure class=\"aligncenter size-full\"><img loading=\"lazy\" decoding=\"async\" width=\"630\" height=\"732\" src=\"https:\/\/plazajuarez.mx\/historico\/historico\/wp-content\/uploads\/2022\/11\/EL-REGRESO-DE-LOS-CORREDORES-LOCOS-DE-LAS-URBANS.-\u2013Archivo-.jpg\" alt=\"\" class=\"wp-image-238521\"\/><\/figure>\n<\/div>\n\n\n<p><strong>Aviso para que no digan: Esta columna se nutre de comentarios recabados por agencias del Recontra-Espionaje, muy similares a las que populariz\u00f3 el \u201cS\u00faper Agente 86\u201d en sus tiempos. Como tal lo que publicamos puede que sea cierto, puede que no, o todo lo contrario. Est\u00e1 usted en libertad de creer o no lo que lee, recontra-enojarse, recontra- carcajearse y hasta recontra-recordarnos a nuestra jefecita (nosotros recontra-haremos lo propio). Avisado est\u00e1 usted.&nbsp;<\/strong><\/p>\n\n\n\n<p><strong>desexenterado@gmail.com @desexenterado&nbsp;<\/strong><\/p>\n","protected":false},"excerpt":{"rendered":"<p>SISTEMA DE RADIO HIDALGUENSE, PODR\u00cdA SALVARSE. \u2013 No, si algunos insisten en que es irremediable que desaparezca el Sistema de Radio Hidalguense, \u201cporque la ley es la ley\u201d, pronto, o muy pronto, se enterar\u00e1n de que, con todo, puede haber un arreglo que pudiera permitir que el desenlace no sea tan cruel como se observa. [&hellip;]<\/p>\n","protected":false},"author":93,"featured_media":234681,"comment_status":"closed","ping_status":"closed","sticky":false,"template":"","format":"standard","meta":{"footnotes":""},"categories":[83],"tags":[],"class_list":["post-238517","post","type-post","status-publish","format-standard","has-post-thumbnail","hentry","category-dese-por-enterado"],"_links":{"self":[{"href":"https:\/\/plazajuarez.mx\/historico\/wp-json\/wp\/v2\/posts\/238517","targetHints":{"allow":["GET"]}}],"collection":[{"href":"https:\/\/plazajuarez.mx\/historico\/wp-json\/wp\/v2\/posts"}],"about":[{"href":"https:\/\/plazajuarez.mx\/historico\/wp-json\/wp\/v2\/types\/post"}],"author":[{"embeddable":true,"href":"https:\/\/plazajuarez.mx\/historico\/wp-json\/wp\/v2\/users\/93"}],"replies":[{"embeddable":true,"href":"https:\/\/plazajuarez.mx\/historico\/wp-json\/wp\/v2\/comments?post=238517"}],"version-history":[{"count":0,"href":"https:\/\/plazajuarez.mx\/historico\/wp-json\/wp\/v2\/posts\/238517\/revisions"}],"wp:featuredmedia":[{"embeddable":true,"href":"https:\/\/plazajuarez.mx\/historico\/wp-json\/wp\/v2\/media\/234681"}],"wp:attachment":[{"href":"https:\/\/plazajuarez.mx\/historico\/wp-json\/wp\/v2\/media?parent=238517"}],"wp:term":[{"taxonomy":"category","embeddable":true,"href":"https:\/\/plazajuarez.mx\/historico\/wp-json\/wp\/v2\/categories?post=238517"},{"taxonomy":"post_tag","embeddable":true,"href":"https:\/\/plazajuarez.mx\/historico\/wp-json\/wp\/v2\/tags?post=238517"}],"curies":[{"name":"wp","href":"https:\/\/api.w.org\/{rel}","templated":true}]}}