{"id":238504,"date":"2022-11-15T17:18:57","date_gmt":"2022-11-15T23:18:57","guid":{"rendered":"https:\/\/plazajuarez.mx\/?p=238504"},"modified":"2022-11-15T17:19:02","modified_gmt":"2022-11-15T23:19:02","slug":"rusia_rechaza","status":"publish","type":"post","link":"https:\/\/plazajuarez.mx\/historico\/rusia_rechaza\/","title":{"rendered":"Rusia rechaza ataques cerca de la frontera entre Ucrania y Polonia; acusa de &#8220;provocaciones deliberadas&#8221;"},"content":{"rendered":"\n<p>El Ministerio de Defensa ruso calific\u00f3 de &#8220;provocaci\u00f3n deliberada&#8221; para aumentar la tensi\u00f3n, las afirmaciones de medios y funcionarios polacos sobre la supuesta ca\u00edda de misiles en Przewod\u00f3w.<\/p>\n\n\n\n<p>Rusia asegur\u00f3 este martes que no ha efectuado ataques contra objetivos<strong>&nbsp;<\/strong>cerca de la localidad polaca de&nbsp;<strong>Przewod\u00f3w<\/strong>&nbsp;y calific\u00f3 de &#8220;provocaci\u00f3n deliberada&#8221; las afirmaciones de medios y funcionarios polacos sobre la supuesta ca\u00edda de misiles rusos en la frontera entre Ucrania y Polonia.<\/p>\n\n\n\n<p>&#8220;No se realizaron ataques contra objetivos cerca de la&nbsp;<strong>frontera estatal entre Ucrania y Polonia&nbsp;<\/strong>por medios de destrucci\u00f3n rusos&#8221;, afirm\u00f3 el Ministerio de Defensa en un breve comunicado.<\/p>\n\n\n\n<p>Sostuvo que los fragmentos publicados por los medios polacos de la escena en el pueblo de Przewod\u00f3w &#8220;no tienen nada que ver con las armas rusas&#8221;.<\/p>\n\n\n\n<p>&#8220;Las declaraciones de los medios y funcionarios polacos sobre la supuesta ca\u00edda de&nbsp;<strong>misiles rusos<\/strong>&nbsp;en el \u00e1rea de la localidad de Przewod\u00f3w es una provocaci\u00f3n deliberada&#8221;&nbsp;<strong>para aumentar la tensi\u00f3n<\/strong>, afirm\u00f3 el ministerio ruso de Defensa.<\/p>\n\n\n\n<p>La emisora de radio polaca ZET inform\u00f3 esta tarde de que dos misiles rusos impactaron en un granero en Przewod\u00f3w, en la provincia de Lublin (este) y causaron la muerte de dos civiles.<br>&nbsp;<\/p>\n\n\n\n<p><\/p>\n","protected":false},"excerpt":{"rendered":"<p>El Ministerio de Defensa ruso calific\u00f3 de &#8220;provocaci\u00f3n deliberada&#8221; para aumentar la tensi\u00f3n, las afirmaciones de medios y funcionarios polacos sobre la supuesta ca\u00edda de misiles en Przewod\u00f3w. Rusia asegur\u00f3 este martes que no ha efectuado ataques contra objetivos&nbsp;cerca de la localidad polaca de&nbsp;Przewod\u00f3w&nbsp;y calific\u00f3 de &#8220;provocaci\u00f3n deliberada&#8221; las afirmaciones de medios y funcionarios polacos [&hellip;]<\/p>\n","protected":false},"author":81,"featured_media":238505,"comment_status":"closed","ping_status":"closed","sticky":false,"template":"","format":"standard","meta":{"footnotes":""},"categories":[15,31],"tags":[],"class_list":["post-238504","post","type-post","status-publish","format-standard","has-post-thumbnail","hentry","category-destacadas","category-orbe"],"_links":{"self":[{"href":"https:\/\/plazajuarez.mx\/historico\/wp-json\/wp\/v2\/posts\/238504","targetHints":{"allow":["GET"]}}],"collection":[{"href":"https:\/\/plazajuarez.mx\/historico\/wp-json\/wp\/v2\/posts"}],"about":[{"href":"https:\/\/plazajuarez.mx\/historico\/wp-json\/wp\/v2\/types\/post"}],"author":[{"embeddable":true,"href":"https:\/\/plazajuarez.mx\/historico\/wp-json\/wp\/v2\/users\/81"}],"replies":[{"embeddable":true,"href":"https:\/\/plazajuarez.mx\/historico\/wp-json\/wp\/v2\/comments?post=238504"}],"version-history":[{"count":0,"href":"https:\/\/plazajuarez.mx\/historico\/wp-json\/wp\/v2\/posts\/238504\/revisions"}],"wp:featuredmedia":[{"embeddable":true,"href":"https:\/\/plazajuarez.mx\/historico\/wp-json\/wp\/v2\/media\/238505"}],"wp:attachment":[{"href":"https:\/\/plazajuarez.mx\/historico\/wp-json\/wp\/v2\/media?parent=238504"}],"wp:term":[{"taxonomy":"category","embeddable":true,"href":"https:\/\/plazajuarez.mx\/historico\/wp-json\/wp\/v2\/categories?post=238504"},{"taxonomy":"post_tag","embeddable":true,"href":"https:\/\/plazajuarez.mx\/historico\/wp-json\/wp\/v2\/tags?post=238504"}],"curies":[{"name":"wp","href":"https:\/\/api.w.org\/{rel}","templated":true}]}}