{"id":238369,"date":"2022-11-15T08:26:09","date_gmt":"2022-11-15T14:26:09","guid":{"rendered":"https:\/\/plazajuarez.mx\/?p=238369"},"modified":"2022-11-15T08:26:15","modified_gmt":"2022-11-15T14:26:15","slug":"a-quien-afecta-el-cierre-de-la-radio-estatal","status":"publish","type":"post","link":"https:\/\/plazajuarez.mx\/historico\/a-quien-afecta-el-cierre-de-la-radio-estatal\/","title":{"rendered":"\u00bfA QUI\u00c9N AFECTA EL CIERRE DE LA RADIO ESTATAL?"},"content":{"rendered":"\n<h2 class=\"wp-block-heading\"><em>ALFIL NEGRO<\/em><\/h2>\n\n\n\n<p>Este 28 de noviembre, en 13 d\u00edas, el Sistema Estatal de Radio se quedar\u00e1 sin voz, mudo\u2026 pues tendr\u00e1 que cerrar sus estaciones a causa de los exresponsables de la radio y televisi\u00f3n estatal, porque SE LES OLVID\u00d3 EL TR\u00c1MITE DE RENOVACI\u00d3N DE LOS PERMISOS ante el Instituto Federal de Telecomunicaciones (IFT), un proceso sencillo que no tiene mayor ciencia, pero que se dice, olvidaron llevar a cabo y por lo mismo el IFT con la ley en la mano, decidi\u00f3 que el Sistema Estatal dejara de funcionar por incumplir con lo que ordena el marco legal.<\/p>\n\n\n\n<p><strong>\u00bfDE VERDAD FUE OLVIDO?<\/strong><\/p>\n\n\n\n<p>Eso de que fue olvido o falta de atenci\u00f3n, es un cuento que no se cree, porque ya se sabe que siempre hay segundas intenciones en estos casos y todo apunta en que m\u00e1s bien fue una acci\u00f3n concertada en que alguien gana y alguien pierde.<\/p>\n\n\n\n<p>Quien pierde es el gobierno del estado al no contar ya con un medio de comunicaci\u00f3n que finalmente atiende o atend\u00eda informaci\u00f3n, y hay un gran perdedor que es la gente que ten\u00eda en la Radio Estatal un modo de obtener orientaci\u00f3n en muchos \u00f3rdenes de la vida.<\/p>\n\n\n\n<p>Y gana, por lo que se ve, la radio de la UAEH que ser\u00e1 desde el 29 de noviembre, el sistema m\u00e1s poderoso de Hidalgo, con todo lo que esto significa en cuesti\u00f3n pol\u00edtica.<\/p>\n\n\n\n<p><br><strong>LA GENTE, LA GRAN PERDEDORA<\/strong><\/p>\n\n\n\n<p>Si bien pol\u00edticamente el cierre de las estaciones de la radio estatal afecta al gobierno actual y al gobierno que se fue, y lastima en sus fuentes de trabajo a muchos trabajadores del Sistema, todo indica que el gran perdedor es el pueblo, la gente que ten\u00eda en la radio estatal en la Huasteca y la Sierra, en el Valle y en todo el estado, un medio de orientaci\u00f3n e informaci\u00f3n, y en casos de urgencia, un norte, porque en sus enlaces la voz de la autoridad les lleg\u00f3 a informar de manera oportuna.<\/p>\n\n\n\n<p>Bastaba prender el radio de pilas en el campo, en la cocina, en los negocios, en el surco, en el mercado, en el trabajo para estar informados y escuchar las indicaciones de la autoridad y saber qu\u00e9 hacer en los casos de urgencia o para distraerse escuchando las expresiones art\u00edsticas de la regi\u00f3n.<\/p>\n\n\n\n<p><strong>\u00bfSE PUEDE HACER ALGO?<\/strong><\/p>\n\n\n\n<p>Todo indica que s\u00ed. La cercan\u00eda del gobernador Menchaca con el Presidente AMLO es un camino que puede resolver mucho del caso.<\/p>\n\n\n\n<p>En un lado de la balanza est\u00e1 lo que ordena la reglamentaci\u00f3n sobre los permisos para las estaciones de la radio estatal y del otro lado, el da\u00f1o que se le hace a m\u00e1s de 3 millones que es el potencial de radioescuchas que dejar\u00e1n de tener esta posibilidad.<\/p>\n\n\n\n<p>Toca a la autoridad decidir y al gobernador buscar caminos de soluci\u00f3n con el planteamiento adecuado y convincente ante el IFT.<\/p>\n\n\n\n<p>Por otro lado hay culpables y deben pagar por esta supuesta irresponsabilidad que m\u00e1s parece acuerdo ma\u00f1oso.<\/p>\n\n\n\n<p>En 13 d\u00edas, si antes no pasa algo, el Sistema Estatal de Radio dejar\u00e1 de funcionar.<\/p>\n\n\n\n<p>Y quien m\u00e1s perder\u00e1 ser\u00e1 como siempre, la gente.<\/p>\n","protected":false},"excerpt":{"rendered":"<p>ALFIL NEGRO Este 28 de noviembre, en 13 d\u00edas, el Sistema Estatal de Radio se quedar\u00e1 sin voz, mudo\u2026 pues tendr\u00e1 que cerrar sus estaciones a causa de los exresponsables de la radio y televisi\u00f3n estatal, porque SE LES OLVID\u00d3 EL TR\u00c1MITE DE RENOVACI\u00d3N DE LOS PERMISOS ante el Instituto Federal de Telecomunicaciones (IFT), un [&hellip;]<\/p>\n","protected":false},"author":83,"featured_media":234680,"comment_status":"closed","ping_status":"closed","sticky":false,"template":"","format":"standard","meta":{"footnotes":""},"categories":[48,42],"tags":[],"class_list":["post-238369","post","type-post","status-publish","format-standard","has-post-thumbnail","hentry","category-adalberto-peralta","category-nuestrapalabra"],"_links":{"self":[{"href":"https:\/\/plazajuarez.mx\/historico\/wp-json\/wp\/v2\/posts\/238369","targetHints":{"allow":["GET"]}}],"collection":[{"href":"https:\/\/plazajuarez.mx\/historico\/wp-json\/wp\/v2\/posts"}],"about":[{"href":"https:\/\/plazajuarez.mx\/historico\/wp-json\/wp\/v2\/types\/post"}],"author":[{"embeddable":true,"href":"https:\/\/plazajuarez.mx\/historico\/wp-json\/wp\/v2\/users\/83"}],"replies":[{"embeddable":true,"href":"https:\/\/plazajuarez.mx\/historico\/wp-json\/wp\/v2\/comments?post=238369"}],"version-history":[{"count":0,"href":"https:\/\/plazajuarez.mx\/historico\/wp-json\/wp\/v2\/posts\/238369\/revisions"}],"wp:featuredmedia":[{"embeddable":true,"href":"https:\/\/plazajuarez.mx\/historico\/wp-json\/wp\/v2\/media\/234680"}],"wp:attachment":[{"href":"https:\/\/plazajuarez.mx\/historico\/wp-json\/wp\/v2\/media?parent=238369"}],"wp:term":[{"taxonomy":"category","embeddable":true,"href":"https:\/\/plazajuarez.mx\/historico\/wp-json\/wp\/v2\/categories?post=238369"},{"taxonomy":"post_tag","embeddable":true,"href":"https:\/\/plazajuarez.mx\/historico\/wp-json\/wp\/v2\/tags?post=238369"}],"curies":[{"name":"wp","href":"https:\/\/api.w.org\/{rel}","templated":true}]}}