{"id":238365,"date":"2022-11-15T08:24:56","date_gmt":"2022-11-15T14:24:56","guid":{"rendered":"https:\/\/plazajuarez.mx\/?p=238365"},"modified":"2022-11-15T08:25:02","modified_gmt":"2022-11-15T14:25:02","slug":"realizan-foro-sobre-la-importancia-de-los-debates","status":"publish","type":"post","link":"https:\/\/plazajuarez.mx\/historico\/realizan-foro-sobre-la-importancia-de-los-debates\/","title":{"rendered":"Realizan foro sobre la importancia de los debates\u00a0"},"content":{"rendered":"\n<p>En el marco de los \u201cForos de Di\u00e1logo basados en los textos del sello editorial del Instituto Nacional Electoral (INE)\u201d y que se organizan desde el Instituto Estatal Electoral de Hidalgo (IEEH), se llev\u00f3 a cabo el Foro 1: \u201cLos debates electorales en la democracia contempor\u00e1nea. Apuntes para analizar su presencia, funci\u00f3n y evoluci\u00f3n de las campa\u00f1as\u201d.<\/p>\n\n\n\n<p>Los \u201cForos de Di\u00e1logo basados en los textos del sello editorial del INE\u201d buscan crear espacios de di\u00e1logo informado y de reflexi\u00f3n de la ciudadan\u00eda para el impulso y el fortalecimiento de la cultura c\u00edvica, pol\u00edtica y democr\u00e1tica, esto, a trav\u00e9s de la realizaci\u00f3n de 6 foros de di\u00e1logo con el prop\u00f3sito de construir puentes de entendimiento entre la ciudadan\u00eda, para que \u00e9sta participe m\u00e1s activamente en la vida pol\u00edtica del estado y del pa\u00eds.<\/p>\n\n\n\n<p>Esta actividad, impulsada por las personas integrantes del Servicio Profesional Electoral Nacional (SPEN) del sistema de los Organismos P\u00fablicos Locales Electorales (OPLE\u00b4s) adscritos al IEEH, cont\u00f3 con la participaci\u00f3n del Consejero Electoral Alfredo Alcal\u00e1 Monta\u00f1o; de V\u00edctor Olid Trejo Vivanco, Presidente del Colegio de Polit\u00f3logos y Administradores P\u00fablicos del Estado de Hidalgo A.C; de \u00c1ngel Meneses Solares, docente de la Universidad Aut\u00f3noma del Estado de Hidalgo (UAEH); as\u00ed como de Jacqueline Jim\u00e9nez M\u00e9ndez, Subdirectora de Radio, Televisi\u00f3n y Prensa del IEEH.<\/p>\n","protected":false},"excerpt":{"rendered":"<p>En el marco de los \u201cForos de Di\u00e1logo basados en los textos del sello editorial del Instituto Nacional Electoral (INE)\u201d y que se organizan desde el Instituto Estatal Electoral de Hidalgo (IEEH), se llev\u00f3 a cabo el Foro 1: \u201cLos debates electorales en la democracia contempor\u00e1nea. Apuntes para analizar su presencia, funci\u00f3n y evoluci\u00f3n de [&hellip;]<\/p>\n","protected":false},"author":93,"featured_media":238366,"comment_status":"closed","ping_status":"closed","sticky":false,"template":"","format":"standard","meta":{"footnotes":""},"categories":[2159,40],"tags":[],"class_list":["post-238365","post","type-post","status-publish","format-standard","has-post-thumbnail","hentry","category-noticias-de-hidalgo","category-region"],"_links":{"self":[{"href":"https:\/\/plazajuarez.mx\/historico\/wp-json\/wp\/v2\/posts\/238365","targetHints":{"allow":["GET"]}}],"collection":[{"href":"https:\/\/plazajuarez.mx\/historico\/wp-json\/wp\/v2\/posts"}],"about":[{"href":"https:\/\/plazajuarez.mx\/historico\/wp-json\/wp\/v2\/types\/post"}],"author":[{"embeddable":true,"href":"https:\/\/plazajuarez.mx\/historico\/wp-json\/wp\/v2\/users\/93"}],"replies":[{"embeddable":true,"href":"https:\/\/plazajuarez.mx\/historico\/wp-json\/wp\/v2\/comments?post=238365"}],"version-history":[{"count":0,"href":"https:\/\/plazajuarez.mx\/historico\/wp-json\/wp\/v2\/posts\/238365\/revisions"}],"wp:featuredmedia":[{"embeddable":true,"href":"https:\/\/plazajuarez.mx\/historico\/wp-json\/wp\/v2\/media\/238366"}],"wp:attachment":[{"href":"https:\/\/plazajuarez.mx\/historico\/wp-json\/wp\/v2\/media?parent=238365"}],"wp:term":[{"taxonomy":"category","embeddable":true,"href":"https:\/\/plazajuarez.mx\/historico\/wp-json\/wp\/v2\/categories?post=238365"},{"taxonomy":"post_tag","embeddable":true,"href":"https:\/\/plazajuarez.mx\/historico\/wp-json\/wp\/v2\/tags?post=238365"}],"curies":[{"name":"wp","href":"https:\/\/api.w.org\/{rel}","templated":true}]}}