{"id":238253,"date":"2022-11-14T09:28:42","date_gmt":"2022-11-14T15:28:42","guid":{"rendered":"https:\/\/plazajuarez.mx\/?p=238253"},"modified":"2022-11-14T09:28:47","modified_gmt":"2022-11-14T15:28:47","slug":"importante-defender-al-ine-y-a-la-democracia","status":"publish","type":"post","link":"https:\/\/plazajuarez.mx\/historico\/importante-defender-al-ine-y-a-la-democracia\/","title":{"rendered":"Importante, defender al INE y a la democracia"},"content":{"rendered":"\n<p>El presidente del Comit\u00e9 Directivo Municipal del Partido Revolucionario Institucional (PRI) Pachuca, Benjam\u00edn Rico Moreno, asegur\u00f3 que m\u00e1s all\u00e1 de intereses particulares, de grupo y de partido, es importante manifestarse como ciudadanos para defender a una instituci\u00f3n que ha costado muchos a\u00f1os de lucha.<\/p>\n\n\n\n<p>Lo anterior, al participar como ciudadano en la marcha nacional en defensa del Instituto Nacional Electoral (INE), en Pachuca, en donde tambi\u00e9n formaron parte del contingente a pie y en auto, trabajadores del instituto y organizaciones civiles.<\/p>\n\n\n\n<p>Dijo: &#8220;vengo como un ciudadano com\u00fan que quiere defender la democracia del pa\u00eds, defendiendo que no se desaparezca el INE,&nbsp; es muy importante defender esta instituci\u00f3n, que nos ha costado muchos a\u00f1os de lucha, no solamente a nosotros, a esta generaci\u00f3n, sino a muchas generaciones que incluso dieron su vida por tener una instituci\u00f3n que pudiera tener y dar certeza en los procesos electorales y aportar\u00e1 a la democracia&#8221;.&nbsp;<\/p>\n\n\n\n<p>El l\u00edder priista en Pachuca, manifest\u00f3 confianza plena en el INE, y explic\u00f3 que si bien hay cosas que se tienen y pueden ir perfeccionando, &#8220;es necesario respetar la esencia del INE&#8221;.<\/p>\n","protected":false},"excerpt":{"rendered":"<p>El presidente del Comit\u00e9 Directivo Municipal del Partido Revolucionario Institucional (PRI) Pachuca, Benjam\u00edn Rico Moreno, asegur\u00f3 que m\u00e1s all\u00e1 de intereses particulares, de grupo y de partido, es importante manifestarse como ciudadanos para defender a una instituci\u00f3n que ha costado muchos a\u00f1os de lucha. Lo anterior, al participar como ciudadano en la marcha nacional en [&hellip;]<\/p>\n","protected":false},"author":73,"featured_media":238255,"comment_status":"closed","ping_status":"closed","sticky":false,"template":"","format":"standard","meta":{"footnotes":""},"categories":[59,2159],"tags":[],"class_list":["post-238253","post","type-post","status-publish","format-standard","has-post-thumbnail","hentry","category-general","category-noticias-de-hidalgo"],"_links":{"self":[{"href":"https:\/\/plazajuarez.mx\/historico\/wp-json\/wp\/v2\/posts\/238253","targetHints":{"allow":["GET"]}}],"collection":[{"href":"https:\/\/plazajuarez.mx\/historico\/wp-json\/wp\/v2\/posts"}],"about":[{"href":"https:\/\/plazajuarez.mx\/historico\/wp-json\/wp\/v2\/types\/post"}],"author":[{"embeddable":true,"href":"https:\/\/plazajuarez.mx\/historico\/wp-json\/wp\/v2\/users\/73"}],"replies":[{"embeddable":true,"href":"https:\/\/plazajuarez.mx\/historico\/wp-json\/wp\/v2\/comments?post=238253"}],"version-history":[{"count":0,"href":"https:\/\/plazajuarez.mx\/historico\/wp-json\/wp\/v2\/posts\/238253\/revisions"}],"wp:featuredmedia":[{"embeddable":true,"href":"https:\/\/plazajuarez.mx\/historico\/wp-json\/wp\/v2\/media\/238255"}],"wp:attachment":[{"href":"https:\/\/plazajuarez.mx\/historico\/wp-json\/wp\/v2\/media?parent=238253"}],"wp:term":[{"taxonomy":"category","embeddable":true,"href":"https:\/\/plazajuarez.mx\/historico\/wp-json\/wp\/v2\/categories?post=238253"},{"taxonomy":"post_tag","embeddable":true,"href":"https:\/\/plazajuarez.mx\/historico\/wp-json\/wp\/v2\/tags?post=238253"}],"curies":[{"name":"wp","href":"https:\/\/api.w.org\/{rel}","templated":true}]}}