{"id":238246,"date":"2022-11-14T09:26:09","date_gmt":"2022-11-14T15:26:09","guid":{"rendered":"https:\/\/plazajuarez.mx\/?p=238246"},"modified":"2022-11-14T09:26:16","modified_gmt":"2022-11-14T15:26:16","slug":"inicio-la-transformacion-por-la-paz-julio-menchaca","status":"publish","type":"post","link":"https:\/\/plazajuarez.mx\/historico\/inicio-la-transformacion-por-la-paz-julio-menchaca\/","title":{"rendered":"Inici\u00f3 la transformaci\u00f3n por la paz: Julio Menchaca\u00a0"},"content":{"rendered":"\n<p>En gira de trabajo por el municipio de Atotonilco de Tula, el gobernador Julio Menchaca Salazar dio a conocer que se implementar\u00e1n acciones para la profesionalizaci\u00f3n y dignificaci\u00f3n de la paz y la seguridad.<\/p>\n\n\n\n<p>A partir del combate a las actividades delincuenciales que afectan a la sociedad en diferentes \u00e1mbitos, el mandatario asegur\u00f3 que tras \u00e9sta reuni\u00f3n en la zona del Valle del Mezquital, particularmente enfocada en cuestiones de seguridad, en breve se dar\u00e1n a conocer una serie de medidas que con decisi\u00f3n y honestidad habr\u00e1n de realizarse en todo el territorio.<\/p>\n\n\n\n<p>De la misma forma, insisti\u00f3 en que hay que atender \u201clo que lacera, lo que quema, lo que lastima a la sociedad\u201d, utilizando bien los recursos p\u00fablicos, d\u00e1ndole transparencia y eliminando la corrupci\u00f3n&#8221;.<\/p>\n\n\n\n<p>El mandatario record\u00f3 que en cada reuni\u00f3n con los pobladores de los distintos municipios de la entidad se encuentran m\u00f3dulos en donde se atiende a todo el que as\u00ed lo solicite pues, dijo, \u201chay quienes caminan mucho cargando una solicitud, una esperanza para ser escuchados, pero hoy existe un canal de comunicaci\u00f3n que est\u00e1 al servicio de todas las y los hidalguenses\u201d.<\/p>\n\n\n\n<p>En tanto, Julio C\u00e9sar Mel\u00e9ndez Coria, comisario de la Agencia de Seguridad del estado de Hidalgo, detall\u00f3 que la seguridad p\u00fablica representa un tema vital para la vida social y pol\u00edtica de la entidad, donde adem\u00e1s es fundamental que la coordinaci\u00f3n entre los diferentes \u00f3rdenes de gobierno sea clara y precisa para definir acciones estrat\u00e9gicas.<\/p>\n\n\n\n<p>Destac\u00f3 que siguiendo las instrucciones del gobernador Julio Menchaca se construye una polic\u00eda m\u00e1s cercana y para ello se implementan cinco ejes que incluyen la profesionalizaci\u00f3n en diferentes \u00e1mbitos del delito; la dignificaci\u00f3n de la polic\u00eda, reconociendo para ello las buenas pr\u00e1cticas; la recuperaci\u00f3n de la confianza de la ciudadan\u00eda; la implementaci\u00f3n de acciones de prevenci\u00f3n del delito y direccionando la estrategia para los diversos grupos de la poblaci\u00f3n.<\/p>\n","protected":false},"excerpt":{"rendered":"<p>En gira de trabajo por el municipio de Atotonilco de Tula, el gobernador Julio Menchaca Salazar dio a conocer que se implementar\u00e1n acciones para la profesionalizaci\u00f3n y dignificaci\u00f3n de la paz y la seguridad. A partir del combate a las actividades delincuenciales que afectan a la sociedad en diferentes \u00e1mbitos, el mandatario asegur\u00f3 que tras [&hellip;]<\/p>\n","protected":false},"author":93,"featured_media":238247,"comment_status":"closed","ping_status":"closed","sticky":false,"template":"","format":"standard","meta":{"footnotes":""},"categories":[15,59,2159],"tags":[],"class_list":["post-238246","post","type-post","status-publish","format-standard","has-post-thumbnail","hentry","category-destacadas","category-general","category-noticias-de-hidalgo"],"_links":{"self":[{"href":"https:\/\/plazajuarez.mx\/historico\/wp-json\/wp\/v2\/posts\/238246","targetHints":{"allow":["GET"]}}],"collection":[{"href":"https:\/\/plazajuarez.mx\/historico\/wp-json\/wp\/v2\/posts"}],"about":[{"href":"https:\/\/plazajuarez.mx\/historico\/wp-json\/wp\/v2\/types\/post"}],"author":[{"embeddable":true,"href":"https:\/\/plazajuarez.mx\/historico\/wp-json\/wp\/v2\/users\/93"}],"replies":[{"embeddable":true,"href":"https:\/\/plazajuarez.mx\/historico\/wp-json\/wp\/v2\/comments?post=238246"}],"version-history":[{"count":0,"href":"https:\/\/plazajuarez.mx\/historico\/wp-json\/wp\/v2\/posts\/238246\/revisions"}],"wp:featuredmedia":[{"embeddable":true,"href":"https:\/\/plazajuarez.mx\/historico\/wp-json\/wp\/v2\/media\/238247"}],"wp:attachment":[{"href":"https:\/\/plazajuarez.mx\/historico\/wp-json\/wp\/v2\/media?parent=238246"}],"wp:term":[{"taxonomy":"category","embeddable":true,"href":"https:\/\/plazajuarez.mx\/historico\/wp-json\/wp\/v2\/categories?post=238246"},{"taxonomy":"post_tag","embeddable":true,"href":"https:\/\/plazajuarez.mx\/historico\/wp-json\/wp\/v2\/tags?post=238246"}],"curies":[{"name":"wp","href":"https:\/\/api.w.org\/{rel}","templated":true}]}}