{"id":238239,"date":"2022-11-14T09:24:11","date_gmt":"2022-11-14T15:24:11","guid":{"rendered":"https:\/\/plazajuarez.mx\/?p=238239"},"modified":"2022-11-14T09:24:18","modified_gmt":"2022-11-14T15:24:18","slug":"emiten-convocatoria-a-la-medalla-aurora-2022","status":"publish","type":"post","link":"https:\/\/plazajuarez.mx\/historico\/emiten-convocatoria-a-la-medalla-aurora-2022\/","title":{"rendered":"Emiten convocatoria a la medalla Aurora 2022"},"content":{"rendered":"\n<p>Con el objetivo de reconocer a la persona, grupo o colectivo, organismo, instituci\u00f3n acad\u00e9mica, asociaci\u00f3n, instituciones y organizaciones de la sociedad civil dedicadas a la defensa, promoci\u00f3n, respeto, protecci\u00f3n y garant\u00eda de los derechos humanos, la Comisi\u00f3n de Derechos Humanos del Estado de Hidalgo (CDHEH) emiti\u00f3 la convocatoria a la \u201cMedalla Aurora de Plata al M\u00e9rito en Derechos Humanos 2022\u201d.<\/p>\n\n\n\n<p>De acuerdo con lo emitido por la comisi\u00f3n, \u201cno podr\u00e1n participar personas servidoras p\u00fablicas tanto del nivel federal, estatal y\/o municipal\u201d, ni tampoco podr\u00e1n concursar&nbsp; las personas que se encuentren compitiendo por un cargo de elecci\u00f3n popular o aquellos que forman parte del personal de la comisi\u00f3n.&nbsp;<\/p>\n\n\n\n<p>Entre los requisitos que enmarca la convocatoria est\u00e1n: un escrito donde se indique a qui\u00e9n se postula y&nbsp; merece recibir la medalla; una semblanza curricular en el que se destaquen las obras y&nbsp; un video breve donde se expongan sus motivos.<br>La convocatoria completa puede consultarse en: <a href=\"https:\/\/cdhhgo.org\/home\/wp-content\/uploads\/2022\/11\/F_Convocatoria_2022_medalla_aurora.pdf\">https:\/\/cdhhgo.org\/home\/wp-content\/uploads\/2022\/11\/F_Convocatoria_2022_medalla_aurora.pdf<\/a>.<\/p>\n","protected":false},"excerpt":{"rendered":"<p>Con el objetivo de reconocer a la persona, grupo o colectivo, organismo, instituci\u00f3n acad\u00e9mica, asociaci\u00f3n, instituciones y organizaciones de la sociedad civil dedicadas a la defensa, promoci\u00f3n, respeto, protecci\u00f3n y garant\u00eda de los derechos humanos, la Comisi\u00f3n de Derechos Humanos del Estado de Hidalgo (CDHEH) emiti\u00f3 la convocatoria a la \u201cMedalla Aurora de Plata al [&hellip;]<\/p>\n","protected":false},"author":72,"featured_media":238240,"comment_status":"closed","ping_status":"closed","sticky":false,"template":"","format":"standard","meta":{"footnotes":""},"categories":[59,2159],"tags":[],"class_list":["post-238239","post","type-post","status-publish","format-standard","has-post-thumbnail","hentry","category-general","category-noticias-de-hidalgo"],"_links":{"self":[{"href":"https:\/\/plazajuarez.mx\/historico\/wp-json\/wp\/v2\/posts\/238239","targetHints":{"allow":["GET"]}}],"collection":[{"href":"https:\/\/plazajuarez.mx\/historico\/wp-json\/wp\/v2\/posts"}],"about":[{"href":"https:\/\/plazajuarez.mx\/historico\/wp-json\/wp\/v2\/types\/post"}],"author":[{"embeddable":true,"href":"https:\/\/plazajuarez.mx\/historico\/wp-json\/wp\/v2\/users\/72"}],"replies":[{"embeddable":true,"href":"https:\/\/plazajuarez.mx\/historico\/wp-json\/wp\/v2\/comments?post=238239"}],"version-history":[{"count":0,"href":"https:\/\/plazajuarez.mx\/historico\/wp-json\/wp\/v2\/posts\/238239\/revisions"}],"wp:featuredmedia":[{"embeddable":true,"href":"https:\/\/plazajuarez.mx\/historico\/wp-json\/wp\/v2\/media\/238240"}],"wp:attachment":[{"href":"https:\/\/plazajuarez.mx\/historico\/wp-json\/wp\/v2\/media?parent=238239"}],"wp:term":[{"taxonomy":"category","embeddable":true,"href":"https:\/\/plazajuarez.mx\/historico\/wp-json\/wp\/v2\/categories?post=238239"},{"taxonomy":"post_tag","embeddable":true,"href":"https:\/\/plazajuarez.mx\/historico\/wp-json\/wp\/v2\/tags?post=238239"}],"curies":[{"name":"wp","href":"https:\/\/api.w.org\/{rel}","templated":true}]}}