{"id":238224,"date":"2022-11-14T09:17:30","date_gmt":"2022-11-14T15:17:30","guid":{"rendered":"https:\/\/plazajuarez.mx\/?p=238224"},"modified":"2022-11-14T09:17:35","modified_gmt":"2022-11-14T15:17:35","slug":"buscan-hacer-mas-eficiente-la-investigacion-de-agresiones-a-periodistas","status":"publish","type":"post","link":"https:\/\/plazajuarez.mx\/historico\/buscan-hacer-mas-eficiente-la-investigacion-de-agresiones-a-periodistas\/","title":{"rendered":"Buscan hacer m\u00e1s eficiente la\u00a0investigaci\u00f3n de agresiones a periodistas"},"content":{"rendered":"\n<p>Santiago Nieto Castillo, jefe del despacho de la Procuradur\u00eda General de Justicia del Estado de Hidalgo (PGJEH), se reuni\u00f3 hoy con reporteras y reporteros de la regi\u00f3n Tula-Tepeji que han sufrido agresiones en el ejercicio period\u00edstico.<\/p>\n\n\n\n<p>Durante el encuentro, los comunicadores expresaron sus posturas en torno a hechos ocurridos en d\u00edas pasados en Atotonilco de Tula, donde Rosal\u00eda Maldonado y Alejandro Torres, reposteros de El Sol de Hidalgo y Retrovisor, respectivamente, fueron agredidos mientras cubr\u00edan una manifestaci\u00f3n en el citado municipio.<\/p>\n\n\n\n<p>El titular de la PGJEH reiter\u00f3 el compromiso de la instituci\u00f3n para integrar las carpetas de investigaci\u00f3n iniciadas de acontecimientos recientes como de aquellas que a\u00fan no se determinan, con la finalidad de que se judicialicen y se lleve a los responsables ante la autoridad judicial.<\/p>\n\n\n\n<p>Adem\u00e1s se acord\u00f3 construir acciones espec\u00edficas para hacer m\u00e1s eficientes las investigaciones por agresi\u00f3n a periodistas.<\/p>\n","protected":false},"excerpt":{"rendered":"<p>Santiago Nieto Castillo, jefe del despacho de la Procuradur\u00eda General de Justicia del Estado de Hidalgo (PGJEH), se reuni\u00f3 hoy con reporteras y reporteros de la regi\u00f3n Tula-Tepeji que han sufrido agresiones en el ejercicio period\u00edstico. Durante el encuentro, los comunicadores expresaron sus posturas en torno a hechos ocurridos en d\u00edas pasados en Atotonilco de [&hellip;]<\/p>\n","protected":false},"author":93,"featured_media":238225,"comment_status":"closed","ping_status":"closed","sticky":false,"template":"","format":"standard","meta":{"footnotes":""},"categories":[15,59,2159],"tags":[],"class_list":["post-238224","post","type-post","status-publish","format-standard","has-post-thumbnail","hentry","category-destacadas","category-general","category-noticias-de-hidalgo"],"_links":{"self":[{"href":"https:\/\/plazajuarez.mx\/historico\/wp-json\/wp\/v2\/posts\/238224","targetHints":{"allow":["GET"]}}],"collection":[{"href":"https:\/\/plazajuarez.mx\/historico\/wp-json\/wp\/v2\/posts"}],"about":[{"href":"https:\/\/plazajuarez.mx\/historico\/wp-json\/wp\/v2\/types\/post"}],"author":[{"embeddable":true,"href":"https:\/\/plazajuarez.mx\/historico\/wp-json\/wp\/v2\/users\/93"}],"replies":[{"embeddable":true,"href":"https:\/\/plazajuarez.mx\/historico\/wp-json\/wp\/v2\/comments?post=238224"}],"version-history":[{"count":0,"href":"https:\/\/plazajuarez.mx\/historico\/wp-json\/wp\/v2\/posts\/238224\/revisions"}],"wp:featuredmedia":[{"embeddable":true,"href":"https:\/\/plazajuarez.mx\/historico\/wp-json\/wp\/v2\/media\/238225"}],"wp:attachment":[{"href":"https:\/\/plazajuarez.mx\/historico\/wp-json\/wp\/v2\/media?parent=238224"}],"wp:term":[{"taxonomy":"category","embeddable":true,"href":"https:\/\/plazajuarez.mx\/historico\/wp-json\/wp\/v2\/categories?post=238224"},{"taxonomy":"post_tag","embeddable":true,"href":"https:\/\/plazajuarez.mx\/historico\/wp-json\/wp\/v2\/tags?post=238224"}],"curies":[{"name":"wp","href":"https:\/\/api.w.org\/{rel}","templated":true}]}}