{"id":238209,"date":"2022-11-13T21:46:56","date_gmt":"2022-11-14T03:46:56","guid":{"rendered":"https:\/\/plazajuarez.mx\/?p=238209"},"modified":"2022-11-13T21:47:13","modified_gmt":"2022-11-14T03:47:13","slug":"checo_-2","status":"publish","type":"post","link":"https:\/\/plazajuarez.mx\/historico\/checo_-2\/","title":{"rendered":"Sergio P\u00e9rez explota contra Red Bull y Verstappen \u00a0"},"content":{"rendered":"\n<p><\/p>\n\n\n\n<p>P\u00e9rez pelea por el subcampeonato contra Charles Leclerc de Ferrari, objetivo de la escuder\u00eda austriaca, por lo que caus\u00f3 m\u00e1s extra\u00f1eza en el tapat\u00edo en la decisi\u00f3n.<\/p>\n\n\n\n<p>Molesto, muy molesto, explosivo y cr\u00edtico, esa fue la reacci\u00f3n de Sergio &#8220;Checo&#8221; P\u00e9rez luego del mal fin de semana que vivi\u00f3 el piloto tapat\u00edo en el Gran Premio de Brasil, que fue dominado por Mercedes.<\/p>\n\n\n\n<p>El de Guadalajara perdi\u00f3 una posici\u00f3n al final de la carrera este domingo ante Max Verstappen y al final el neerland\u00e9s no se la regres\u00f3, lo que caus\u00f3 enojo en el mexicano, quien termin\u00f3 s\u00e9ptimo en Interlagos.<\/p>\n\n\n\n<p>Y s\u00ed, lo dej\u00f3 ver en sus palabras al final de la carrera en Interlagos.<\/p>\n\n\n\n<p>&#8220;Estoy muy sorprendido, no s\u00e9 qu\u00e9 pas\u00f3 (cuando no le devolvi\u00f3 Max la posici\u00f3n) despu\u00e9s de todo lo que he hecho por \u00e9l, creo que si tiene dos campeonatos es gracias a m\u00ed&#8221;, dijo con el rostro molesto el volante 11 de Red Bull.<\/p>\n\n\n\n<p>Y en el radio al final de la competencia tambi\u00e9n dej\u00f3 ver su frustraci\u00f3n.<\/p>\n\n\n\n<p><strong>..<\/strong><\/p>\n","protected":false},"excerpt":{"rendered":"<p>P\u00e9rez pelea por el subcampeonato contra Charles Leclerc de Ferrari, objetivo de la escuder\u00eda austriaca, por lo que caus\u00f3 m\u00e1s extra\u00f1eza en el tapat\u00edo en la decisi\u00f3n. Molesto, muy molesto, explosivo y cr\u00edtico, esa fue la reacci\u00f3n de Sergio &#8220;Checo&#8221; P\u00e9rez luego del mal fin de semana que vivi\u00f3 el piloto tapat\u00edo en el Gran [&hellip;]<\/p>\n","protected":false},"author":81,"featured_media":238060,"comment_status":"closed","ping_status":"closed","sticky":false,"template":"","format":"standard","meta":{"footnotes":""},"categories":[39],"tags":[],"class_list":["post-238209","post","type-post","status-publish","format-standard","has-post-thumbnail","hentry","category-deportiva"],"_links":{"self":[{"href":"https:\/\/plazajuarez.mx\/historico\/wp-json\/wp\/v2\/posts\/238209","targetHints":{"allow":["GET"]}}],"collection":[{"href":"https:\/\/plazajuarez.mx\/historico\/wp-json\/wp\/v2\/posts"}],"about":[{"href":"https:\/\/plazajuarez.mx\/historico\/wp-json\/wp\/v2\/types\/post"}],"author":[{"embeddable":true,"href":"https:\/\/plazajuarez.mx\/historico\/wp-json\/wp\/v2\/users\/81"}],"replies":[{"embeddable":true,"href":"https:\/\/plazajuarez.mx\/historico\/wp-json\/wp\/v2\/comments?post=238209"}],"version-history":[{"count":0,"href":"https:\/\/plazajuarez.mx\/historico\/wp-json\/wp\/v2\/posts\/238209\/revisions"}],"wp:featuredmedia":[{"embeddable":true,"href":"https:\/\/plazajuarez.mx\/historico\/wp-json\/wp\/v2\/media\/238060"}],"wp:attachment":[{"href":"https:\/\/plazajuarez.mx\/historico\/wp-json\/wp\/v2\/media?parent=238209"}],"wp:term":[{"taxonomy":"category","embeddable":true,"href":"https:\/\/plazajuarez.mx\/historico\/wp-json\/wp\/v2\/categories?post=238209"},{"taxonomy":"post_tag","embeddable":true,"href":"https:\/\/plazajuarez.mx\/historico\/wp-json\/wp\/v2\/tags?post=238209"}],"curies":[{"name":"wp","href":"https:\/\/api.w.org\/{rel}","templated":true}]}}