{"id":238196,"date":"2022-11-13T20:56:27","date_gmt":"2022-11-14T02:56:27","guid":{"rendered":"https:\/\/plazajuarez.mx\/?p=238196"},"modified":"2022-11-13T20:59:48","modified_gmt":"2022-11-14T02:59:48","slug":"forzada_","status":"publish","type":"post","link":"https:\/\/plazajuarez.mx\/historico\/forzada_\/","title":{"rendered":"Cae exfuncionario municipal por desaparici\u00f3n forzada en Veracruz"},"content":{"rendered":"\n<ul class=\"wp-block-list\"><li>Los hechos habr\u00edan ocurrido en 2019 en la zona monta\u00f1osa central de esa entidad<\/li><\/ul>\n\n\n\n<p><\/p>\n\n\n\n<p>Un exfuncionario municipal fue detenido como presunto responsable del delito de desaparici\u00f3n forzada cometida en contra de tres j\u00f3venes, hechos ocurridos en 2019 en la zona monta\u00f1osa central de Veracruz.<\/p>\n\n\n\n<p>Se trata del exDirector de Gobernaci\u00f3n encargado de Seguridad P\u00fablica del Ayuntamiento de Ixtaczoquitl\u00e1n, Octavio Alejandro \u201cN\u201d, aprehendido por elementos de la Polic\u00eda Ministerial.<\/p>\n\n\n\n<p>El exservidor p\u00fablico estar\u00eda involucrado en la desaparici\u00f3n de tres j\u00f3venes, quienes hab\u00edan sido detenidos por elementos de la Polic\u00eda Municipal, quienes simularon haberlos puesto en libertad, pero en realidad fueron desaparecidos.<\/p>\n\n\n\n<p>De acuerdo con un reporte oficial de la Fiscal\u00eda General del Estado de Veracruz, fueron agentes de la Fiscal\u00eda Especializada para la Atenci\u00f3n de Denuncias por Personas Desaparecidas, quienes cumplimentaron la orden de aprehensi\u00f3n.<\/p>\n","protected":false},"excerpt":{"rendered":"<p>Los hechos habr\u00edan ocurrido en 2019 en la zona monta\u00f1osa central de esa entidad Un exfuncionario municipal fue detenido como presunto responsable del delito de desaparici\u00f3n forzada cometida en contra de tres j\u00f3venes, hechos ocurridos en 2019 en la zona monta\u00f1osa central de Veracruz. Se trata del exDirector de Gobernaci\u00f3n encargado de Seguridad P\u00fablica del [&hellip;]<\/p>\n","protected":false},"author":81,"featured_media":238197,"comment_status":"closed","ping_status":"closed","sticky":false,"template":"","format":"standard","meta":{"footnotes":""},"categories":[37],"tags":[],"class_list":["post-238196","post","type-post","status-publish","format-standard","has-post-thumbnail","hentry","category-barandilla"],"_links":{"self":[{"href":"https:\/\/plazajuarez.mx\/historico\/wp-json\/wp\/v2\/posts\/238196","targetHints":{"allow":["GET"]}}],"collection":[{"href":"https:\/\/plazajuarez.mx\/historico\/wp-json\/wp\/v2\/posts"}],"about":[{"href":"https:\/\/plazajuarez.mx\/historico\/wp-json\/wp\/v2\/types\/post"}],"author":[{"embeddable":true,"href":"https:\/\/plazajuarez.mx\/historico\/wp-json\/wp\/v2\/users\/81"}],"replies":[{"embeddable":true,"href":"https:\/\/plazajuarez.mx\/historico\/wp-json\/wp\/v2\/comments?post=238196"}],"version-history":[{"count":0,"href":"https:\/\/plazajuarez.mx\/historico\/wp-json\/wp\/v2\/posts\/238196\/revisions"}],"wp:featuredmedia":[{"embeddable":true,"href":"https:\/\/plazajuarez.mx\/historico\/wp-json\/wp\/v2\/media\/238197"}],"wp:attachment":[{"href":"https:\/\/plazajuarez.mx\/historico\/wp-json\/wp\/v2\/media?parent=238196"}],"wp:term":[{"taxonomy":"category","embeddable":true,"href":"https:\/\/plazajuarez.mx\/historico\/wp-json\/wp\/v2\/categories?post=238196"},{"taxonomy":"post_tag","embeddable":true,"href":"https:\/\/plazajuarez.mx\/historico\/wp-json\/wp\/v2\/tags?post=238196"}],"curies":[{"name":"wp","href":"https:\/\/api.w.org\/{rel}","templated":true}]}}