{"id":238192,"date":"2022-11-13T20:43:06","date_gmt":"2022-11-14T02:43:06","guid":{"rendered":"https:\/\/plazajuarez.mx\/?p=238192"},"modified":"2022-11-13T20:52:00","modified_gmt":"2022-11-14T02:52:00","slug":"colegio_","status":"publish","type":"post","link":"https:\/\/plazajuarez.mx\/historico\/colegio_\/","title":{"rendered":"Detienen a dos por muerte del ni\u00f1o Abner en Colegio Williams"},"content":{"rendered":"\n<p>La fiscal\u00eda capitalina inform\u00f3 que detuvo a dos personas, a la maestra de nataci\u00f3n y el salvavidas, por su presunta responsabilidad en la muerte del ni\u00f1o Abner de 6 a\u00f1os, mientras estaba en su clase de nataci\u00f3n en el Colegio Williams.<\/p>\n\n\n\n<p>El vocero de la instituci\u00f3n, Ulises Lara, indic\u00f3 que tras la investigaci\u00f3n se tuvieron datos de prueba para pedir a un juez las \u00f3rdenes de aprehensi\u00f3n que se cumplimentaron a Ana Mar\u00eda y Alberto, quienes est\u00e1n acusados por el delito de homicidio con dolo eventual.<\/p>\n","protected":false},"excerpt":{"rendered":"<p>La fiscal\u00eda capitalina inform\u00f3 que detuvo a dos personas, a la maestra de nataci\u00f3n y el salvavidas, por su presunta responsabilidad en la muerte del ni\u00f1o Abner de 6 a\u00f1os, mientras estaba en su clase de nataci\u00f3n en el Colegio Williams. El vocero de la instituci\u00f3n, Ulises Lara, indic\u00f3 que tras la investigaci\u00f3n se tuvieron [&hellip;]<\/p>\n","protected":false},"author":81,"featured_media":238193,"comment_status":"closed","ping_status":"closed","sticky":false,"template":"","format":"standard","meta":{"footnotes":""},"categories":[37],"tags":[],"class_list":["post-238192","post","type-post","status-publish","format-standard","has-post-thumbnail","hentry","category-barandilla"],"_links":{"self":[{"href":"https:\/\/plazajuarez.mx\/historico\/wp-json\/wp\/v2\/posts\/238192","targetHints":{"allow":["GET"]}}],"collection":[{"href":"https:\/\/plazajuarez.mx\/historico\/wp-json\/wp\/v2\/posts"}],"about":[{"href":"https:\/\/plazajuarez.mx\/historico\/wp-json\/wp\/v2\/types\/post"}],"author":[{"embeddable":true,"href":"https:\/\/plazajuarez.mx\/historico\/wp-json\/wp\/v2\/users\/81"}],"replies":[{"embeddable":true,"href":"https:\/\/plazajuarez.mx\/historico\/wp-json\/wp\/v2\/comments?post=238192"}],"version-history":[{"count":0,"href":"https:\/\/plazajuarez.mx\/historico\/wp-json\/wp\/v2\/posts\/238192\/revisions"}],"wp:featuredmedia":[{"embeddable":true,"href":"https:\/\/plazajuarez.mx\/historico\/wp-json\/wp\/v2\/media\/238193"}],"wp:attachment":[{"href":"https:\/\/plazajuarez.mx\/historico\/wp-json\/wp\/v2\/media?parent=238192"}],"wp:term":[{"taxonomy":"category","embeddable":true,"href":"https:\/\/plazajuarez.mx\/historico\/wp-json\/wp\/v2\/categories?post=238192"},{"taxonomy":"post_tag","embeddable":true,"href":"https:\/\/plazajuarez.mx\/historico\/wp-json\/wp\/v2\/tags?post=238192"}],"curies":[{"name":"wp","href":"https:\/\/api.w.org\/{rel}","templated":true}]}}