{"id":238187,"date":"2022-11-13T19:54:00","date_gmt":"2022-11-14T01:54:00","guid":{"rendered":"https:\/\/plazajuarez.mx\/?p=238187"},"modified":"2022-11-13T19:58:38","modified_gmt":"2022-11-14T01:58:38","slug":"descubren_","status":"publish","type":"post","link":"https:\/\/plazajuarez.mx\/historico\/descubren_\/","title":{"rendered":"Descubren muerto a un hombre de 43 a\u00f1os, al interior de un anexo"},"content":{"rendered":"\n<p>Ayer, al filo de las 11:15 horas, se alert\u00f3 al 911 de emergencias sobre la muerte del sujeto<\/p>\n\n\n\n<p>La ma\u00f1ana de ayer un infortunado e inesperado deceso tuvo un hombre al interior de un anexo ubicado en el municipio de Tepeji del R\u00edo.<\/p>\n\n\n\n<p>Fue al filo de las 11:15 horas cuando se alert\u00f3 al 911 de emergencias que en la calle Fresnos de la colonia Atengo, municipio de Tepeji del R\u00edo hab\u00eda una persona sin vida.<\/p>\n\n\n\n<p>Al acudir a tomar conocimiento elementos de la Polic\u00eda Municipal, reportaron qu\u00e9 la contingencia tuvo lugar en un anexo sin raz\u00f3n social.<\/p>\n\n\n\n<p>As\u00ed mismo indicaron qu\u00e9 en el sitio se encontraba internado F.M.G., de 43 a\u00f1os, quien fue ingresado el d\u00eda viernes anterior al anexo.<\/p>\n\n\n\n<p>No obstante fue la ma\u00f1ana de este domingo cuando lo hallaron sin vida por lo que los dirigentes del centro de rehabilitaci\u00f3n solicitaron el apoyo para valorarlo, ya que estaba inconsciente.&nbsp;<\/p>\n\n\n\n<p>El infortunado de 43 a\u00f1os, fue valorado por param\u00e9dicos de Protecci\u00f3n Civil, quienes confirmaron el deceso de la persona y las causas a\u00fan se desconocen.<\/p>\n","protected":false},"excerpt":{"rendered":"<p>Ayer, al filo de las 11:15 horas, se alert\u00f3 al 911 de emergencias sobre la muerte del sujeto La ma\u00f1ana de ayer un infortunado e inesperado deceso tuvo un hombre al interior de un anexo ubicado en el municipio de Tepeji del R\u00edo. Fue al filo de las 11:15 horas cuando se alert\u00f3 al 911 [&hellip;]<\/p>\n","protected":false},"author":93,"featured_media":238188,"comment_status":"closed","ping_status":"closed","sticky":false,"template":"","format":"standard","meta":{"footnotes":""},"categories":[37],"tags":[],"class_list":["post-238187","post","type-post","status-publish","format-standard","has-post-thumbnail","hentry","category-barandilla"],"_links":{"self":[{"href":"https:\/\/plazajuarez.mx\/historico\/wp-json\/wp\/v2\/posts\/238187","targetHints":{"allow":["GET"]}}],"collection":[{"href":"https:\/\/plazajuarez.mx\/historico\/wp-json\/wp\/v2\/posts"}],"about":[{"href":"https:\/\/plazajuarez.mx\/historico\/wp-json\/wp\/v2\/types\/post"}],"author":[{"embeddable":true,"href":"https:\/\/plazajuarez.mx\/historico\/wp-json\/wp\/v2\/users\/93"}],"replies":[{"embeddable":true,"href":"https:\/\/plazajuarez.mx\/historico\/wp-json\/wp\/v2\/comments?post=238187"}],"version-history":[{"count":0,"href":"https:\/\/plazajuarez.mx\/historico\/wp-json\/wp\/v2\/posts\/238187\/revisions"}],"wp:featuredmedia":[{"embeddable":true,"href":"https:\/\/plazajuarez.mx\/historico\/wp-json\/wp\/v2\/media\/238188"}],"wp:attachment":[{"href":"https:\/\/plazajuarez.mx\/historico\/wp-json\/wp\/v2\/media?parent=238187"}],"wp:term":[{"taxonomy":"category","embeddable":true,"href":"https:\/\/plazajuarez.mx\/historico\/wp-json\/wp\/v2\/categories?post=238187"},{"taxonomy":"post_tag","embeddable":true,"href":"https:\/\/plazajuarez.mx\/historico\/wp-json\/wp\/v2\/tags?post=238187"}],"curies":[{"name":"wp","href":"https:\/\/api.w.org\/{rel}","templated":true}]}}