{"id":238177,"date":"2022-11-13T18:11:47","date_gmt":"2022-11-14T00:11:47","guid":{"rendered":"https:\/\/plazajuarez.mx\/?p=238177"},"modified":"2022-11-13T21:49:03","modified_gmt":"2022-11-14T03:49:03","slug":"marcha_ine","status":"publish","type":"post","link":"https:\/\/plazajuarez.mx\/historico\/marcha_ine\/","title":{"rendered":"Asistentes a marcha en defensa del INE fueron por su propia voluntad"},"content":{"rendered":"\n<p>Asistentes a marcha enAsistentes a la marcha contra la desaparici\u00f3n del Instituto Nacional Electoral (INE) aseguraron que fueron por su propia voluntad y que est\u00e1n alzando la voz a favor de la democracia.<\/p>\n\n\n\n<p>Mar\u00eda Trinidad Huerta expuso que est\u00e1n defendiendo la democracia y a un Instituto que defiende nuestro voto.<\/p>\n\n\n\n<p>&#8220;Porque queremos defender nuestro voto y nuestra democracia, es lo que necesitamos, que haya una democracia en M\u00e9xico y la estamos viendo amenazada, entonces por eso estamos aqu\u00ed, para manifestarnos en contra de que nos quiten este \u00fanico Instituto que tenemos para que defienda nuestro voto&#8221;, coment\u00f3.<\/p>\n\n\n\n<p>En este sentido, Miguel Estrada, de 75 a\u00f1os, precis\u00f3 que march\u00f3 para apoyar la democracia y dejar un legado a las futuras generaciones.<\/p>\n\n\n\n<p>&#8220;Estoy convencido de que es una manera de poder aportar nuestros valores y ver por los j\u00f3venes, porque estamos cansados del gobierno actual, de todo lo que est\u00e1n tergiversando. Yo como maestro estoy apoyando a mis alumnos y a mi hijas, por eso vine aqu\u00ed aunque tenga 75 a\u00f1os, no importa. Hay que dejar un legado, yo viv\u00ed el 68 y ahora quiero vivir esto, porque es historia&#8221;, sostuvo.<\/p>\n\n\n\n<iframe loading=\"lazy\" src=\"https:\/\/www.facebook.com\/plugins\/video.php?height=476&#038;href=https%3A%2F%2Fwww.facebook.com%2Fdiarioplazajuarez%2Fvideos%2F676358284041399%2F&#038;show_text=false&#038;width=261&#038;t=0\" width=\"261\" height=\"476\" style=\"border:none;overflow:hidden\" scrolling=\"no\" frameborder=\"0\" allowfullscreen=\"true\" allow=\"autoplay; clipboard-write; encrypted-media; picture-in-picture; web-share\" allowFullScreen=\"true\"><\/iframe>\n\n\n\n<p>Subray\u00f3 que su credencial para votar se la reciben en cualquier parte del mundo, pro de aprobarse la Reforma Electoral, ahora le van a dar una tarjeta que va a decir Bienestar, &#8220;ni siquiera van a saber qu\u00e9 es, y me siento orgulloso de ser mexicano en Francia o a donde vaya, porque ahora puedo salir&#8221;.<\/p>\n\n\n\n<p>Fernanda Vel\u00e1zquez, apunt\u00f3 que el INE es el \u00fanico medio en donde actualmente hay democracia.<\/p>\n\n\n\n<p>&#8220;Porque el INE es el \u00fanico medio en donde, efectivamente, hay democracia y no como quiere nuestro presidente actual, desafortunadamente, una monarqu\u00eda, as\u00ed se llama lo que quiere \u00e9l (L\u00f3pez Obrador) una monarqu\u00eda. Libre elecci\u00f3n, libre elecci\u00f3n, ya que deje de querer controlar todo&#8221;, apunt\u00f3.<\/p>\n\n\n\n<p><\/p>\n","protected":false},"excerpt":{"rendered":"<p>Asistentes a marcha enAsistentes a la marcha contra la desaparici\u00f3n del Instituto Nacional Electoral (INE) aseguraron que fueron por su propia voluntad y que est\u00e1n alzando la voz a favor de la democracia. Mar\u00eda Trinidad Huerta expuso que est\u00e1n defendiendo la democracia y a un Instituto que defiende nuestro voto. &#8220;Porque queremos defender nuestro voto [&hellip;]<\/p>\n","protected":false},"author":81,"featured_media":238178,"comment_status":"closed","ping_status":"closed","sticky":false,"template":"","format":"standard","meta":{"footnotes":""},"categories":[15,36,2160],"tags":[],"class_list":["post-238177","post","type-post","status-publish","format-standard","has-post-thumbnail","hentry","category-destacadas","category-nacion","category-noticias-de-la-ciudad-de-mexico"],"_links":{"self":[{"href":"https:\/\/plazajuarez.mx\/historico\/wp-json\/wp\/v2\/posts\/238177","targetHints":{"allow":["GET"]}}],"collection":[{"href":"https:\/\/plazajuarez.mx\/historico\/wp-json\/wp\/v2\/posts"}],"about":[{"href":"https:\/\/plazajuarez.mx\/historico\/wp-json\/wp\/v2\/types\/post"}],"author":[{"embeddable":true,"href":"https:\/\/plazajuarez.mx\/historico\/wp-json\/wp\/v2\/users\/81"}],"replies":[{"embeddable":true,"href":"https:\/\/plazajuarez.mx\/historico\/wp-json\/wp\/v2\/comments?post=238177"}],"version-history":[{"count":0,"href":"https:\/\/plazajuarez.mx\/historico\/wp-json\/wp\/v2\/posts\/238177\/revisions"}],"wp:featuredmedia":[{"embeddable":true,"href":"https:\/\/plazajuarez.mx\/historico\/wp-json\/wp\/v2\/media\/238178"}],"wp:attachment":[{"href":"https:\/\/plazajuarez.mx\/historico\/wp-json\/wp\/v2\/media?parent=238177"}],"wp:term":[{"taxonomy":"category","embeddable":true,"href":"https:\/\/plazajuarez.mx\/historico\/wp-json\/wp\/v2\/categories?post=238177"},{"taxonomy":"post_tag","embeddable":true,"href":"https:\/\/plazajuarez.mx\/historico\/wp-json\/wp\/v2\/tags?post=238177"}],"curies":[{"name":"wp","href":"https:\/\/api.w.org\/{rel}","templated":true}]}}