{"id":238170,"date":"2022-11-13T12:35:55","date_gmt":"2022-11-13T18:35:55","guid":{"rendered":"https:\/\/plazajuarez.mx\/?p=238170"},"modified":"2022-11-13T12:36:01","modified_gmt":"2022-11-13T18:36:01","slug":"ine_amlo-2","status":"publish","type":"post","link":"https:\/\/plazajuarez.mx\/historico\/ine_amlo-2\/","title":{"rendered":"La juventud ya despert\u00f3, sacaremos a AMLO en 2024, dicen j\u00f3venes"},"content":{"rendered":"\n<p>Un grupo de j\u00f3venes se subieron al p\u00f3dium para afirmar que m\u00e1s de 10 mil personas de ese sector poblacional est\u00e1 presente en la marcha para defender al INE.<\/p>\n\n\n\n<p>Aseguraron que los j\u00f3venes &#8220;ya despertaron&#8221; y que ser\u00e1n ellos quienes saque a Morena de la Presidencia en 2024.<\/p>\n\n\n\n<p>&#8220;Venimos a decir que la juventud ya despert\u00f3, que nos cuente bien L\u00f3pez Obrador, somos m\u00e1s de 10 mil los que estamos aqu\u00ed, que nos cuente bien, porque somos los que lo vamos a sacar en 2024&#8221;, asegur\u00f3 el ponente quien no dijo su nombre.<\/p>\n","protected":false},"excerpt":{"rendered":"<p>Un grupo de j\u00f3venes se subieron al p\u00f3dium para afirmar que m\u00e1s de 10 mil personas de ese sector poblacional est\u00e1 presente en la marcha para defender al INE. Aseguraron que los j\u00f3venes &#8220;ya despertaron&#8221; y que ser\u00e1n ellos quienes saque a Morena de la Presidencia en 2024. &#8220;Venimos a decir que la juventud ya [&hellip;]<\/p>\n","protected":false},"author":81,"featured_media":238171,"comment_status":"closed","ping_status":"closed","sticky":false,"template":"","format":"standard","meta":{"footnotes":""},"categories":[15,36,2160],"tags":[],"class_list":["post-238170","post","type-post","status-publish","format-standard","has-post-thumbnail","hentry","category-destacadas","category-nacion","category-noticias-de-la-ciudad-de-mexico"],"_links":{"self":[{"href":"https:\/\/plazajuarez.mx\/historico\/wp-json\/wp\/v2\/posts\/238170","targetHints":{"allow":["GET"]}}],"collection":[{"href":"https:\/\/plazajuarez.mx\/historico\/wp-json\/wp\/v2\/posts"}],"about":[{"href":"https:\/\/plazajuarez.mx\/historico\/wp-json\/wp\/v2\/types\/post"}],"author":[{"embeddable":true,"href":"https:\/\/plazajuarez.mx\/historico\/wp-json\/wp\/v2\/users\/81"}],"replies":[{"embeddable":true,"href":"https:\/\/plazajuarez.mx\/historico\/wp-json\/wp\/v2\/comments?post=238170"}],"version-history":[{"count":0,"href":"https:\/\/plazajuarez.mx\/historico\/wp-json\/wp\/v2\/posts\/238170\/revisions"}],"wp:featuredmedia":[{"embeddable":true,"href":"https:\/\/plazajuarez.mx\/historico\/wp-json\/wp\/v2\/media\/238171"}],"wp:attachment":[{"href":"https:\/\/plazajuarez.mx\/historico\/wp-json\/wp\/v2\/media?parent=238170"}],"wp:term":[{"taxonomy":"category","embeddable":true,"href":"https:\/\/plazajuarez.mx\/historico\/wp-json\/wp\/v2\/categories?post=238170"},{"taxonomy":"post_tag","embeddable":true,"href":"https:\/\/plazajuarez.mx\/historico\/wp-json\/wp\/v2\/tags?post=238170"}],"curies":[{"name":"wp","href":"https:\/\/api.w.org\/{rel}","templated":true}]}}