{"id":238161,"date":"2022-11-13T12:12:50","date_gmt":"2022-11-13T18:12:50","guid":{"rendered":"https:\/\/plazajuarez.mx\/?p=238161"},"modified":"2022-11-13T12:12:56","modified_gmt":"2022-11-13T18:12:56","slug":"santa_fe-2","status":"publish","type":"post","link":"https:\/\/plazajuarez.mx\/historico\/santa_fe-2\/","title":{"rendered":"El barrio invade la Arena Ciudad de M\u00e9xico junto a Santa Fe Klan"},"content":{"rendered":"\n<p> Al menos tres semanas antes del concierto de Santa Fe Klan en la Arena Ciudad de M\u00e9xico, las calles de Azcapotzalco ya luc\u00edan r\u00f3tulos que difund\u00edan la fecha de su presentaci\u00f3n.<\/p>\n\n\n\n<p>No pod\u00eda ser de otra manera, las bardas del norte de la ciudad se pintaron con el nombre del rapero, que as\u00ed como quienes plasmaron el anuncio de su presentaci\u00f3n en las calles, el propio Santa Fe utilizaba aerosol en las calles como parte de la cultura del hiphop con la que creci\u00f3.<\/p>\n\n\n\n<p>Desde el metro Ferrer\u00eda, o el metrob\u00fas Tecnoparque, comenzaron a arribar los seguidores del guanajuatense, algunos arribaron en autos, que en las calles aleda\u00f1as parqueaban por una cuota irregular, definida por aquellos que se adue\u00f1an de las banquetas durante los eventos.<\/p>\n\n\n\n<p>La de ingreso era visible desde dos cuadras antes de la Arena CDMX, debido a que la log\u00edstica defini\u00f3 que s\u00f3lo se podr\u00eda ingresar al inmueble por una sola puerta.<\/p>\n\n\n\n<p>Conforme la gente iba tomando lugar en las gradas o en las zonas de pie, los corridos tumbados, las cumbias y el rap sonaban gracias a algunos artistas invitados por Santa Fe Klan, sonido cumbita, para ser exacto, junto al &#8220;Tornillo&#8221;, y &#8220;Bubaseta&#8221;, desde Chile.<\/p>\n\n\n\n<p>Despu\u00e9s de una extensa introducci\u00f3n, que era un adelanto de lo que durar\u00eda el concierto, finalmente lleg\u00f3 Santa Fe Klan al escenario, desde un elevador, que lo levant\u00f3 en medio de los m\u00fasicos que lo acompa\u00f1aban.<\/p>\n\n\n\n<p>&#8220;Y \u00bfC\u00f3mo est\u00e1 la raza?&#8221;, pregunt\u00f3 Santa Fe, el p\u00fablico respondi\u00f3 con un grito.<\/p>\n\n\n\n<p>Una c\u00e1tedra de barras de rap que dur\u00f3 m\u00e1s de una hora se hizo presente, con invitados de los sonidos m\u00e1s variados, desde Peso Pluma, hasta McDavo acompa\u00f1aron a \u00c1ngel Quezada en el escenario.<\/p>\n\n\n\n<p>Las cumbias rebajadas llegaron y homenajeando a &#8220;El rebelde del acorde\u00f3n&#8221;, Santa Fe Klan pidi\u00f3 a todos que bailaran hasta el suelo, a los m\u00e1s entendidos en el baile los invit\u00f3 a subir al escenario.<\/p>\n\n\n\n<p>Casi una hora m\u00e1s de pura cumbia, fue intercalada por un breakdance, de un joven en muletas &#8220;A este compa lo conoc\u00ed en un show la semana pasada, y lo invit\u00e9 para demostrarles que todo es posible banda&#8221;, expres\u00f3 el rapero del baj\u00edo.<\/p>\n\n\n\n<p>Pante\u00f3n Rococ\u00f3, se apoder\u00f3 del escenario, &#8220;Debo entender&#8221;, &#8220;B\u00e9same&#8221;, y otros \u00e9xitos de Santa Fe Klan sonaron, sin dejar de lado el tema que le da nombre al disco &#8220;Mar y tierra&#8221;.<\/p>\n\n\n\n<p>&#8220;Nunca pensamos estar hasta ac\u00e1 raza, todo se lo debemos a ustedes, muchas gracias por apoyar a la m\u00fasica de barrio&#8221;, concluy\u00f3 Santa Fe Klan.<\/p>\n","protected":false},"excerpt":{"rendered":"<p>Al menos tres semanas antes del concierto de Santa Fe Klan en la Arena Ciudad de M\u00e9xico, las calles de Azcapotzalco ya luc\u00edan r\u00f3tulos que difund\u00edan la fecha de su presentaci\u00f3n. No pod\u00eda ser de otra manera, las bardas del norte de la ciudad se pintaron con el nombre del rapero, que as\u00ed como quienes [&hellip;]<\/p>\n","protected":false},"author":81,"featured_media":238162,"comment_status":"closed","ping_status":"closed","sticky":false,"template":"","format":"standard","meta":{"footnotes":""},"categories":[15,38],"tags":[],"class_list":["post-238161","post","type-post","status-publish","format-standard","has-post-thumbnail","hentry","category-destacadas","category-show"],"_links":{"self":[{"href":"https:\/\/plazajuarez.mx\/historico\/wp-json\/wp\/v2\/posts\/238161","targetHints":{"allow":["GET"]}}],"collection":[{"href":"https:\/\/plazajuarez.mx\/historico\/wp-json\/wp\/v2\/posts"}],"about":[{"href":"https:\/\/plazajuarez.mx\/historico\/wp-json\/wp\/v2\/types\/post"}],"author":[{"embeddable":true,"href":"https:\/\/plazajuarez.mx\/historico\/wp-json\/wp\/v2\/users\/81"}],"replies":[{"embeddable":true,"href":"https:\/\/plazajuarez.mx\/historico\/wp-json\/wp\/v2\/comments?post=238161"}],"version-history":[{"count":0,"href":"https:\/\/plazajuarez.mx\/historico\/wp-json\/wp\/v2\/posts\/238161\/revisions"}],"wp:featuredmedia":[{"embeddable":true,"href":"https:\/\/plazajuarez.mx\/historico\/wp-json\/wp\/v2\/media\/238162"}],"wp:attachment":[{"href":"https:\/\/plazajuarez.mx\/historico\/wp-json\/wp\/v2\/media?parent=238161"}],"wp:term":[{"taxonomy":"category","embeddable":true,"href":"https:\/\/plazajuarez.mx\/historico\/wp-json\/wp\/v2\/categories?post=238161"},{"taxonomy":"post_tag","embeddable":true,"href":"https:\/\/plazajuarez.mx\/historico\/wp-json\/wp\/v2\/tags?post=238161"}],"curies":[{"name":"wp","href":"https:\/\/api.w.org\/{rel}","templated":true}]}}