{"id":238158,"date":"2022-11-13T12:07:09","date_gmt":"2022-11-13T18:07:09","guid":{"rendered":"https:\/\/plazajuarez.mx\/?p=238158"},"modified":"2022-11-13T12:07:16","modified_gmt":"2022-11-13T18:07:16","slug":"cdmx-5","status":"publish","type":"post","link":"https:\/\/plazajuarez.mx\/historico\/cdmx-5\/","title":{"rendered":"Contingencia ambiental en CDMX"},"content":{"rendered":"\n<p>La Secretaria de Medio Ambiente de la CDMX, Marina Robles, explic\u00f3 que un hilo en twitter, ante se\u00f1alamientos de que hay &#8220;invento&#8221; para declarar la contingencia ambiental en el Valle de M\u00e9xico este domingo por la marcha en defensa del INE, por qu\u00e9 se decret\u00f3 la medida que restringe la circulaci\u00f3n vehicular.<\/p>\n\n\n\n<p>Detall\u00f3 que los expertos recomiendan que con la medida se eviten actividades al aire libre entre las 13:00 a la 19:00 horas porque el ozono, seg\u00fan los registros hist\u00f3ricos, se concentran a partir de las 11:00 horas y los niveles m\u00e1s altos se dan entre las 16:00 a las 18:00 horas.<\/p>\n\n\n\n<p>Record\u00f3 que ayer s\u00e1bado la Comisi\u00f3n Ambiental de la Megal\u00f3polis decret\u00f3 la Fase 1 de la Contingencia Ambiental en el Valle de M\u00e9xico porque se superaron los 155 puntos.<\/p>\n\n\n\n<p>&#8220;Las condiciones clim\u00e1ticas de ayer favorecieron las altas concentraciones de ozono, como las altas temperaturas y la radiaci\u00f3n solar, poco viento y nubosidad&#8221;, expuso.<\/p>\n\n\n\n<p>Y si bien, reconoci\u00f3 que por la noche el ozono baj\u00f3, y por eso en las primeras horas de la calidad del aire es buena o aceptable en las estaciones de la Zona Metropolitana del Valle de M\u00e9xico, alert\u00f3 que habr\u00e1 altas concentraciones de ozono a partir de las 13:00 hora.<\/p>\n","protected":false},"excerpt":{"rendered":"<p>La Secretaria de Medio Ambiente de la CDMX, Marina Robles, explic\u00f3 que un hilo en twitter, ante se\u00f1alamientos de que hay &#8220;invento&#8221; para declarar la contingencia ambiental en el Valle de M\u00e9xico este domingo por la marcha en defensa del INE, por qu\u00e9 se decret\u00f3 la medida que restringe la circulaci\u00f3n vehicular. Detall\u00f3 que los [&hellip;]<\/p>\n","protected":false},"author":81,"featured_media":238159,"comment_status":"closed","ping_status":"closed","sticky":false,"template":"","format":"standard","meta":{"footnotes":""},"categories":[15,36,2160],"tags":[],"class_list":["post-238158","post","type-post","status-publish","format-standard","has-post-thumbnail","hentry","category-destacadas","category-nacion","category-noticias-de-la-ciudad-de-mexico"],"_links":{"self":[{"href":"https:\/\/plazajuarez.mx\/historico\/wp-json\/wp\/v2\/posts\/238158","targetHints":{"allow":["GET"]}}],"collection":[{"href":"https:\/\/plazajuarez.mx\/historico\/wp-json\/wp\/v2\/posts"}],"about":[{"href":"https:\/\/plazajuarez.mx\/historico\/wp-json\/wp\/v2\/types\/post"}],"author":[{"embeddable":true,"href":"https:\/\/plazajuarez.mx\/historico\/wp-json\/wp\/v2\/users\/81"}],"replies":[{"embeddable":true,"href":"https:\/\/plazajuarez.mx\/historico\/wp-json\/wp\/v2\/comments?post=238158"}],"version-history":[{"count":0,"href":"https:\/\/plazajuarez.mx\/historico\/wp-json\/wp\/v2\/posts\/238158\/revisions"}],"wp:featuredmedia":[{"embeddable":true,"href":"https:\/\/plazajuarez.mx\/historico\/wp-json\/wp\/v2\/media\/238159"}],"wp:attachment":[{"href":"https:\/\/plazajuarez.mx\/historico\/wp-json\/wp\/v2\/media?parent=238158"}],"wp:term":[{"taxonomy":"category","embeddable":true,"href":"https:\/\/plazajuarez.mx\/historico\/wp-json\/wp\/v2\/categories?post=238158"},{"taxonomy":"post_tag","embeddable":true,"href":"https:\/\/plazajuarez.mx\/historico\/wp-json\/wp\/v2\/tags?post=238158"}],"curies":[{"name":"wp","href":"https:\/\/api.w.org\/{rel}","templated":true}]}}