{"id":238155,"date":"2022-11-13T11:57:51","date_gmt":"2022-11-13T17:57:51","guid":{"rendered":"https:\/\/plazajuarez.mx\/?p=238155"},"modified":"2022-11-13T11:57:56","modified_gmt":"2022-11-13T17:57:56","slug":"polonia_","status":"publish","type":"post","link":"https:\/\/plazajuarez.mx\/historico\/polonia_\/","title":{"rendered":"La lesi\u00f3n que deja a Polonia sin portero para Qatar 2022"},"content":{"rendered":"\n<p>Las bajas por lesi\u00f3n contin\u00faan dentro de las selecciones participantes en Qatar 2022, ahora con la suma de uno de los porteros de la Selecci\u00f3n de Polonia, rival de M\u00e9xico en la Copa del Mundo.<\/p>\n\n\n\n<p>Todo ocurri\u00f3 durante la \u00faltima fecha de la Serie A previo a la pausa por el mundial, en la que el guardameta polaco Bart?omiej Dr?gowski, uno de los tres porteros convocados sufri\u00f3 una fractura en el tobillo derecho tras chocar con un jugador del Verona.<\/p>\n\n\n\n<p>El guardameta del Spezia, de inmediato recibi\u00f3 el apoyo de los m\u00e9dicos de ambos equipo ante las miradas de espanto por parte de compa\u00f1eros y rivales.<\/p>\n\n\n\n<p>Las muestras de cari\u00f1o al futbolista han comenzado en redes sociales, en las que varias cuantas han lamentado su lesi\u00f3n a siete d\u00edas de la Copa del Mundo.<\/p>\n","protected":false},"excerpt":{"rendered":"<p>Las bajas por lesi\u00f3n contin\u00faan dentro de las selecciones participantes en Qatar 2022, ahora con la suma de uno de los porteros de la Selecci\u00f3n de Polonia, rival de M\u00e9xico en la Copa del Mundo. Todo ocurri\u00f3 durante la \u00faltima fecha de la Serie A previo a la pausa por el mundial, en la que [&hellip;]<\/p>\n","protected":false},"author":81,"featured_media":238156,"comment_status":"closed","ping_status":"closed","sticky":false,"template":"","format":"standard","meta":{"footnotes":""},"categories":[39],"tags":[],"class_list":["post-238155","post","type-post","status-publish","format-standard","has-post-thumbnail","hentry","category-deportiva"],"_links":{"self":[{"href":"https:\/\/plazajuarez.mx\/historico\/wp-json\/wp\/v2\/posts\/238155","targetHints":{"allow":["GET"]}}],"collection":[{"href":"https:\/\/plazajuarez.mx\/historico\/wp-json\/wp\/v2\/posts"}],"about":[{"href":"https:\/\/plazajuarez.mx\/historico\/wp-json\/wp\/v2\/types\/post"}],"author":[{"embeddable":true,"href":"https:\/\/plazajuarez.mx\/historico\/wp-json\/wp\/v2\/users\/81"}],"replies":[{"embeddable":true,"href":"https:\/\/plazajuarez.mx\/historico\/wp-json\/wp\/v2\/comments?post=238155"}],"version-history":[{"count":0,"href":"https:\/\/plazajuarez.mx\/historico\/wp-json\/wp\/v2\/posts\/238155\/revisions"}],"wp:featuredmedia":[{"embeddable":true,"href":"https:\/\/plazajuarez.mx\/historico\/wp-json\/wp\/v2\/media\/238156"}],"wp:attachment":[{"href":"https:\/\/plazajuarez.mx\/historico\/wp-json\/wp\/v2\/media?parent=238155"}],"wp:term":[{"taxonomy":"category","embeddable":true,"href":"https:\/\/plazajuarez.mx\/historico\/wp-json\/wp\/v2\/categories?post=238155"},{"taxonomy":"post_tag","embeddable":true,"href":"https:\/\/plazajuarez.mx\/historico\/wp-json\/wp\/v2\/tags?post=238155"}],"curies":[{"name":"wp","href":"https:\/\/api.w.org\/{rel}","templated":true}]}}