{"id":238152,"date":"2022-11-13T11:37:45","date_gmt":"2022-11-13T17:37:45","guid":{"rendered":"https:\/\/plazajuarez.mx\/?p=238152"},"modified":"2022-11-13T11:37:51","modified_gmt":"2022-11-13T17:37:51","slug":"vadhir","status":"publish","type":"post","link":"https:\/\/plazajuarez.mx\/historico\/vadhir\/","title":{"rendered":"Vadhir recuerda el accidente que sufri\u00f3 su padre"},"content":{"rendered":"\n<p> \u00bfVadhir subir\u00eda el video del accidente de Eugenio Derbez a su canal de YouTube? Esto fue lo que sugiri\u00f3 el hijo del comediante, cuando se le pregunt\u00f3 acerca del percanque que llev\u00f3 a que su padre fuera intervenido quir\u00fargicamente, debido a las m\u00faltiples fracturas que sufri\u00f3 uno de sus hombros, luego de experimentar con un videojuego de realidad virtual.<\/p>\n\n\n\n<p>Han pasado m\u00e1s de dos meses de que Eugenio Derbez fue v\u00edctima del accidente que ahora lo mantiene en rehabilitaci\u00f3n. En su momento, Alessandra Rosaldo, esposa del actor mexicano, dijo que, si bien, la lesi\u00f3n que hab\u00eda sufrido el comediante hab\u00eda sido grave, se encontraba bien y descartaba que se tratara de un accidente automovil\u00edstico.<\/p>\n\n\n\n<p>A partir de que se dio a conocer la noticia p\u00fablicamente, entre el p\u00fablico surgieron diferentes versiones que suger\u00edan qu\u00e9 hab\u00eda desencadenado el accidente, una de ellas, expon\u00eda que la lesi\u00f3n hab\u00eda sucedido debido a que Eugenio y Vadhir hab\u00edan protagonizado una discusi\u00f3n que los llev\u00f3 a pelearse a golpes, rumor que fue desmentido por Jos\u00e9 Eduardo Derbez.<\/p>\n\n\n\n<p>Ahora, es Vadhir Derbez, que hab\u00eda guardado silencio acerca de esta situaci\u00f3n, quien habl\u00f3 del estado de salud actual de su padre y de los detalles que rodearon su accidente.<\/p>\n\n\n\n<p>El actor de 31 a\u00f1os estuvo como invitado en el programa de radio &#8220;La Caminera&#8221;, con motivo de la promoci\u00f3n de su nuevo sencillo &#8220;\u00bfQu\u00e9 pasar\u00eda?&#8221;, sin embargo, durante la entrevista, la salud de su padre no pas\u00f3 desapercibida, por eso cuando se le pregunt\u00f3 acerca de c\u00f3mo se encontraba Eugenio, Vadhir opt\u00f3 por bromear un poco con la situaci\u00f3n que atraviesa en estos momentos.<\/p>\n\n\n\n<p>&#8220;Bien, \u00e9l va mucho mejor, se est\u00e1 recuperando y pues ya aprendi\u00f3 a no volverse a meter conmigo&#8221;, brome\u00f3.<\/p>\n\n\n\n<p>A continuaci\u00f3n, Vadhir explic\u00f3 que los accidentes durante una partida de realidad virtual puede ser usuales en personas mayores de 35 a\u00f1os \u2013que no est\u00e1n tan acostumbras con nuevas tecnolog\u00edas- , tal y como le ocurri\u00f3 a su padre, despu\u00e9s de que se colocara un &#8220;headset&#8221;.<\/p>\n\n\n\n<p>En el transcurso del juego \u2013detall\u00f3-, Eugenio crey\u00f3 que caer\u00eda al precipicio, raz\u00f3n por la que el actor se coloc\u00f3 de lado en b\u00fasqueda de amortiguar un posible golpe, generando que todo su peso cayera sobre uno de sus hombros.<\/p>\n\n\n\n<p>&#8220;Cuando salt\u00f3 de la tabla (dentro del juego), en vez de entender que estaba en un piso seguro, digamos que en su cabeza dijo: \u00b4-wey, estoy saltando en una tabla en un rascacielos, voy a brincar de lado como pa\u00b4caer \u00b4&#8221;, cont\u00f3. &#8220;No s\u00e9 qu\u00e9 chingad*s pas\u00f3 por su cabeza, pero termin\u00f3 en el suelo de una manera muy bizarra&#8221;, pormenoriz\u00f3.<\/p>\n\n\n\n<p>Adem\u00e1s, Vadhir explic\u00f3 que, en este momento, se permit\u00eda hacer una broma con lo sucedido debido a que Eugenio se encuentra mucho mejor y ya est\u00e1 en un proceso de recuperaci\u00f3n, aunque reconoci\u00f3 que cuando sucedi\u00f3 el accidente, el estado de salud de su padre gener\u00f3 mucha preocupaci\u00f3n.<\/p>\n\n\n\n<p>&#8220;En ese momento s\u00ed estuvo muy denso&#8221; y detall\u00f3, &#8220;cuando comenz\u00f3 con su \u00b4-ay, mi hombro\u00b4 inmediatamente me dijo: \u00b4-ll\u00e9vame al hospital\u00b4, y yo le dije \u00b4-ok, te ca\u00edste, pero est\u00e1 bien, no pasa nada, esp\u00e9rate a que se te quite tantito el dolor\u00b4 y me dijo \u00b4-no, escuch\u00e9 los huesos tronar\u00b4&#8221;, puntualiz\u00f3.<\/p>\n\n\n\n<p>Finalmente, el tambi\u00e9n cantante volvi\u00f3 a bromar prometiendo a la gente subir el video del accidente si se suscrib\u00edan a su canal, donde ya promociona en video de su nueva canci\u00f3n, la cual interpreta a dueto con Paty Cant\u00fa.<\/p>\n","protected":false},"excerpt":{"rendered":"<p>\u00bfVadhir subir\u00eda el video del accidente de Eugenio Derbez a su canal de YouTube? Esto fue lo que sugiri\u00f3 el hijo del comediante, cuando se le pregunt\u00f3 acerca del percanque que llev\u00f3 a que su padre fuera intervenido quir\u00fargicamente, debido a las m\u00faltiples fracturas que sufri\u00f3 uno de sus hombros, luego de experimentar con un [&hellip;]<\/p>\n","protected":false},"author":81,"featured_media":238153,"comment_status":"closed","ping_status":"closed","sticky":false,"template":"","format":"standard","meta":{"footnotes":""},"categories":[38],"tags":[],"class_list":["post-238152","post","type-post","status-publish","format-standard","has-post-thumbnail","hentry","category-show"],"_links":{"self":[{"href":"https:\/\/plazajuarez.mx\/historico\/wp-json\/wp\/v2\/posts\/238152","targetHints":{"allow":["GET"]}}],"collection":[{"href":"https:\/\/plazajuarez.mx\/historico\/wp-json\/wp\/v2\/posts"}],"about":[{"href":"https:\/\/plazajuarez.mx\/historico\/wp-json\/wp\/v2\/types\/post"}],"author":[{"embeddable":true,"href":"https:\/\/plazajuarez.mx\/historico\/wp-json\/wp\/v2\/users\/81"}],"replies":[{"embeddable":true,"href":"https:\/\/plazajuarez.mx\/historico\/wp-json\/wp\/v2\/comments?post=238152"}],"version-history":[{"count":0,"href":"https:\/\/plazajuarez.mx\/historico\/wp-json\/wp\/v2\/posts\/238152\/revisions"}],"wp:featuredmedia":[{"embeddable":true,"href":"https:\/\/plazajuarez.mx\/historico\/wp-json\/wp\/v2\/media\/238153"}],"wp:attachment":[{"href":"https:\/\/plazajuarez.mx\/historico\/wp-json\/wp\/v2\/media?parent=238152"}],"wp:term":[{"taxonomy":"category","embeddable":true,"href":"https:\/\/plazajuarez.mx\/historico\/wp-json\/wp\/v2\/categories?post=238152"},{"taxonomy":"post_tag","embeddable":true,"href":"https:\/\/plazajuarez.mx\/historico\/wp-json\/wp\/v2\/tags?post=238152"}],"curies":[{"name":"wp","href":"https:\/\/api.w.org\/{rel}","templated":true}]}}