{"id":238010,"date":"2022-11-12T10:17:53","date_gmt":"2022-11-12T16:17:53","guid":{"rendered":"https:\/\/plazajuarez.mx\/?p=238010"},"modified":"2022-11-12T10:17:58","modified_gmt":"2022-11-12T16:17:58","slug":"de-que-hablamos-cuando-hablamos-de-cuidados","status":"publish","type":"post","link":"https:\/\/plazajuarez.mx\/historico\/de-que-hablamos-cuando-hablamos-de-cuidados\/","title":{"rendered":"\u201c\u00bfDe qu\u00e9 hablamos cuando hablamos de cuidados?\u201d"},"content":{"rendered":"\n<h2 class=\"wp-block-heading\"><strong>IGUALDAD SUSTANTIVA, EMPODERAMIENTO EFECTIVO<\/strong><\/h2>\n\n\n\n<p class=\"wp-block-paragraph\">Seg\u00fan las Naciones Unidas a trav\u00e9s de la publicaci\u00f3n de la Comisi\u00f3n Econ\u00f3mica para Am\u00e9rica Latina (CEPAL), \u201cLos cuidados como el pilar del bienestar y motor de la recuperaci\u00f3n frente a la crisis de la Covid-19\u201d, expresa la importancia de avanzar en la implementaci\u00f3n de sistemas integrales de cuidados y poder as\u00ed transitar hacia una sociedad del cuidado que priorice la sostenibilidad de la vida, colocando en el centro las pol\u00edticas p\u00fablicas, orientadas al logro de la Agenda 2030 para el desarrollo sostenible.&nbsp;<\/p>\n\n\n\n<p class=\"wp-block-paragraph\">En su publicaci\u00f3n, la CEPAL cita a los cuidados actividades que regeneran diaria y generacionalmente el bienestar f\u00edsico y emocional de las personas. Incluye las tareas cotidianas de gesti\u00f3n y sostenimiento de la vida, como: el mantenimiento de los espacios y bienes dom\u00e9sticos, el cuidado de los cuerpos, la educaci\u00f3n de las personas, el mantenimiento de las relaciones sociales o el apoyo psicol\u00f3gico a los miembros de la familia.<\/p>\n\n\n\n<p class=\"wp-block-paragraph\">Hace, por tanto, referencia a un amplio conjunto de aspectos que abarcan: los cuidados en salud, el cuidado de los hogares, el cuidado a las personas dependientes y a las personas que cuidan o el propio autocuidado. Se trata de un trabajo que, en cuanto a su cantidad, medida en unidades f\u00edsicas de tiempo, supera ligeramente al total del trabajo remunerado de los hombres y las mujeres, mientras que, en lo que respecta a su calidad, tiene unas caracter\u00edsticas que son fundamentales para mantener las condiciones de sostenibilidad.<\/p>\n\n\n\n<p class=\"wp-block-paragraph\">Los cuidados atraviesan, por tanto, la vida de todas las personas, en todos los momentos de vida, requieren de cuidados. Sin embargo, a partir de esta definici\u00f3n se acota el concepto al que permita establecer el quehacer espec\u00edfico de los sistemas, las pol\u00edticas y los servicios de cuidados, distingui\u00e9ndolos de los cuidados en salud o educaci\u00f3n y priorizando entre las poblaciones objetivo a aquellas que dependen de cuidados de terceras personas.<\/p>\n\n\n\n<p class=\"wp-block-paragraph\">Trazar este l\u00edmite no tiene por objeto crear un compartimento estanco con el resto de las pol\u00edticas de protecci\u00f3n social, sino todo lo contrario: definir un campo de actuaci\u00f3n para las pol\u00edticas de cuidado les ha de permitir articularse con las dem\u00e1s.<\/p>\n\n\n\n<p class=\"wp-block-paragraph\">&nbsp;Por otro lado, es importante advertir que, en los \u00faltimos a\u00f1os, la utilizaci\u00f3n del t\u00e9rmino \u201ccuidados\u201d ha suscitado una reflexi\u00f3n cr\u00edtica de parte de organizaciones que trabajan en el campo de las personas en situaci\u00f3n de discapacidad, en la medida que su definici\u00f3n puede derivar eventualmente en la implementaci\u00f3n de pol\u00edticas de corte asistencial, que consideren a la persona con discapacidad no como una persona con derecho a una vida independiente sino como un sujeto pasivo que requiere de asistencia.&nbsp;<\/p>\n\n\n\n<p class=\"wp-block-paragraph\">Por este motivo, y en consonancia con las definiciones adoptadas por la Convenci\u00f3n sobre los Derechos de las personas con discapacidad de Naciones Unidas, en el t\u00e9rmino \u201ccuidados\u201d se incluye la referencia a servicios de asistencia y\/o apoyos.&nbsp;<\/p>\n\n\n\n<p class=\"wp-block-paragraph\">Situaci\u00f3n similar sucede cuando hablamos de cuidados, apoyos o asistencia a las personas mayores en situaci\u00f3n hacia la construcci\u00f3n de sistemas integrales de cuidados en Am\u00e9rica Latina y El Caribe: un concepto que incluye necesariamente el fomento de la autonom\u00eda como una prioridad en el inevitable proceso de envejecimiento.&nbsp;<\/p>\n\n\n\n<p class=\"wp-block-paragraph\"><strong>\u00a1As\u00ed se habla de los cuidados!<\/strong><\/p>\n","protected":false},"excerpt":{"rendered":"<p>IGUALDAD SUSTANTIVA, EMPODERAMIENTO EFECTIVO Seg\u00fan las Naciones Unidas a trav\u00e9s de la publicaci\u00f3n de la Comisi\u00f3n Econ\u00f3mica para Am\u00e9rica Latina (CEPAL), \u201cLos cuidados como el pilar del bienestar y motor de la recuperaci\u00f3n frente a la crisis de la Covid-19\u201d, expresa la importancia de avanzar en la implementaci\u00f3n de sistemas integrales de cuidados y poder [&hellip;]<\/p>\n","protected":false},"author":104,"featured_media":236179,"comment_status":"closed","ping_status":"closed","sticky":false,"template":"","format":"standard","meta":{"footnotes":""},"categories":[42,2157],"tags":[],"class_list":["post-238010","post","type-post","status-publish","format-standard","has-post-thumbnail","hentry","category-nuestrapalabra","category-patricia-gonzalez-lopez"],"_links":{"self":[{"href":"https:\/\/plazajuarez.mx\/historico\/wp-json\/wp\/v2\/posts\/238010","targetHints":{"allow":["GET"]}}],"collection":[{"href":"https:\/\/plazajuarez.mx\/historico\/wp-json\/wp\/v2\/posts"}],"about":[{"href":"https:\/\/plazajuarez.mx\/historico\/wp-json\/wp\/v2\/types\/post"}],"author":[{"embeddable":true,"href":"https:\/\/plazajuarez.mx\/historico\/wp-json\/wp\/v2\/users\/104"}],"replies":[{"embeddable":true,"href":"https:\/\/plazajuarez.mx\/historico\/wp-json\/wp\/v2\/comments?post=238010"}],"version-history":[{"count":0,"href":"https:\/\/plazajuarez.mx\/historico\/wp-json\/wp\/v2\/posts\/238010\/revisions"}],"wp:featuredmedia":[{"embeddable":true,"href":"https:\/\/plazajuarez.mx\/historico\/wp-json\/wp\/v2\/media\/236179"}],"wp:attachment":[{"href":"https:\/\/plazajuarez.mx\/historico\/wp-json\/wp\/v2\/media?parent=238010"}],"wp:term":[{"taxonomy":"category","embeddable":true,"href":"https:\/\/plazajuarez.mx\/historico\/wp-json\/wp\/v2\/categories?post=238010"},{"taxonomy":"post_tag","embeddable":true,"href":"https:\/\/plazajuarez.mx\/historico\/wp-json\/wp\/v2\/tags?post=238010"}],"curies":[{"name":"wp","href":"https:\/\/api.w.org\/{rel}","templated":true}]}}