{"id":238006,"date":"2022-11-12T10:14:35","date_gmt":"2022-11-12T16:14:35","guid":{"rendered":"https:\/\/plazajuarez.mx\/?p=238006"},"modified":"2022-11-12T10:14:40","modified_gmt":"2022-11-12T16:14:40","slug":"socios-de-la-cruz-azul-reclaman-que-les-devuelvan-la-planta","status":"publish","type":"post","link":"https:\/\/plazajuarez.mx\/historico\/socios-de-la-cruz-azul-reclaman-que-les-devuelvan-la-planta\/","title":{"rendered":"Socios de la Cruz Azul reclaman que les devuelvan la planta\u00a0"},"content":{"rendered":"\n<p class=\"wp-block-paragraph\">Un grupo de socios de la cooperativa Cruz Azul acudi\u00f3 a la capital hidalguense para manifestarse y solicitar la intervenci\u00f3n del gobierno ante el presunto despojo del que, se\u00f1alaron, han sido v\u00edctimas. Ello luego de que Federico Sarabia Pozo se ostentara como presidente, a pesar de que el pasado cinco de abril de 2021, V\u00edctor Manuel Vel\u00e1zquez Rangel&nbsp; fue electo, mediante asamblea.&nbsp;<\/p>\n\n\n\n<p class=\"wp-block-paragraph\">Los inconformes&nbsp; vociferaron algunas consignas como: &#8220;\u00a1No venimos a pedir, sino a exigir, queremos que nos devuelvan la planta!&#8221;, &#8220;\u00a1No daremos ni un paso atr\u00e1s, queremos soluci\u00f3n!\u201d y avanzaron hacia Palacio de Gobierno, por lo que provocaron caos vial, mientras los manifestantes argumentaron que&nbsp; gobierno anterior fue omiso y pidieron que el gobierno actual intervenga, para que se aplique la ley.&nbsp;<\/p>\n\n\n\n<p class=\"wp-block-paragraph\">Por otra parte, sentenciaron que no van a permitir que nuevamente se instale una mesa de negociaciones, ya que aseguraron que el otro grupo ha secuestrado el 40 por ciento de los ingresos de la cooperativa, con lo que se benefician determinadas personas, al no entregar &#8220;cuentas claras&#8221; .<\/p>\n\n\n\n<figure class=\"wp-block-image size-full\"><img loading=\"lazy\" decoding=\"async\" width=\"1038\" height=\"774\" src=\"https:\/\/plazajuarez.mx\/historico\/historico\/wp-content\/uploads\/2022\/11\/3.jpg\" alt=\"\" class=\"wp-image-238008\" srcset=\"https:\/\/plazajuarez.mx\/historico\/wp-content\/uploads\/2022\/11\/3.jpg 1038w, https:\/\/plazajuarez.mx\/historico\/wp-content\/uploads\/2022\/11\/3-768x573.jpg 768w\" sizes=\"auto, (max-width: 1038px) 100vw, 1038px\" \/><\/figure>\n","protected":false},"excerpt":{"rendered":"<p>Un grupo de socios de la cooperativa Cruz Azul acudi\u00f3 a la capital hidalguense para manifestarse y solicitar la intervenci\u00f3n del gobierno ante el presunto despojo del que, se\u00f1alaron, han sido v\u00edctimas. Ello luego de que Federico Sarabia Pozo se ostentara como presidente, a pesar de que el pasado cinco de abril de 2021, V\u00edctor [&hellip;]<\/p>\n","protected":false},"author":72,"featured_media":238007,"comment_status":"closed","ping_status":"closed","sticky":false,"template":"","format":"standard","meta":{"footnotes":""},"categories":[15,59,2159],"tags":[],"class_list":["post-238006","post","type-post","status-publish","format-standard","has-post-thumbnail","hentry","category-destacadas","category-general","category-noticias-de-hidalgo"],"_links":{"self":[{"href":"https:\/\/plazajuarez.mx\/historico\/wp-json\/wp\/v2\/posts\/238006","targetHints":{"allow":["GET"]}}],"collection":[{"href":"https:\/\/plazajuarez.mx\/historico\/wp-json\/wp\/v2\/posts"}],"about":[{"href":"https:\/\/plazajuarez.mx\/historico\/wp-json\/wp\/v2\/types\/post"}],"author":[{"embeddable":true,"href":"https:\/\/plazajuarez.mx\/historico\/wp-json\/wp\/v2\/users\/72"}],"replies":[{"embeddable":true,"href":"https:\/\/plazajuarez.mx\/historico\/wp-json\/wp\/v2\/comments?post=238006"}],"version-history":[{"count":0,"href":"https:\/\/plazajuarez.mx\/historico\/wp-json\/wp\/v2\/posts\/238006\/revisions"}],"wp:featuredmedia":[{"embeddable":true,"href":"https:\/\/plazajuarez.mx\/historico\/wp-json\/wp\/v2\/media\/238007"}],"wp:attachment":[{"href":"https:\/\/plazajuarez.mx\/historico\/wp-json\/wp\/v2\/media?parent=238006"}],"wp:term":[{"taxonomy":"category","embeddable":true,"href":"https:\/\/plazajuarez.mx\/historico\/wp-json\/wp\/v2\/categories?post=238006"},{"taxonomy":"post_tag","embeddable":true,"href":"https:\/\/plazajuarez.mx\/historico\/wp-json\/wp\/v2\/tags?post=238006"}],"curies":[{"name":"wp","href":"https:\/\/api.w.org\/{rel}","templated":true}]}}