{"id":237887,"date":"2022-11-11T10:02:16","date_gmt":"2022-11-11T16:02:16","guid":{"rendered":"https:\/\/plazajuarez.mx\/?p=237887"},"modified":"2022-11-11T10:02:21","modified_gmt":"2022-11-11T16:02:21","slug":"las-presiones-de-la-vida","status":"publish","type":"post","link":"https:\/\/plazajuarez.mx\/historico\/las-presiones-de-la-vida\/","title":{"rendered":"Las presiones de la vida\u2026"},"content":{"rendered":"\n<h2 class=\"wp-block-heading\"><strong>Pido la palabra\u00a0<\/strong><\/h2>\n\n\n\n<p>Mucha gente, sin medir las consecuencias, hace del chisme su modo de conseguir sus objetivos, y no se pone a pensar en el da\u00f1o que hace a aquel que est\u00e1 colocando en el ojo de hurac\u00e1n; a\u00f1os de construir un prestigio se van por la borda en la boca de los mercenarios de la mala fe.<\/p>\n\n\n\n<p>La vida nos ha ense\u00f1ado que no podemos dejar contento a todo el mundo y, por lo tanto, nuestro camino estar\u00e1 plagado de muchos amigos, pero tambi\u00e9n de gente que, sin ser considerados nuestros enemigos, s\u00ed lastiman sustancialmente nuestro cr\u00e9dito.<\/p>\n\n\n\n<p>La vida es presi\u00f3n permanente desde que nacemos, el nacimiento mismo es de suyo angustiante, nacemos y lo primero que se les ocurre es hacernos llorar para que respiremos, este acto es preludio de nuestro futuro, el respirar para la vida implicar\u00e1 muchas l\u00e1grimas.<\/p>\n\n\n\n<p>Abrirnos camino en esta selva de asfalto no significa tener que pasar sobre un estado de nuestra conciencia, pues no olvidemos ese viejo adagio b\u00edblico que dice que \u201ccon la vara que mides ser\u00e1s medido\u201d, tan actual hoy en nuestros d\u00edas, aunque inadvertido cuando de hacer da\u00f1o se trata.<\/p>\n\n\n\n<p>El tiempo todo lo cura, pero tambi\u00e9n todo lo cobra, y no podemos andar por la vida cuid\u00e1ndonos de todo y de todos, ser\u00eda amargo para nuestro \u00e1nimo y para el \u00e1nimo de los que nos rodean; y jam\u00e1s valdr\u00e1 la pena arruinar la armon\u00eda familiar por las presiones a las que diariamente nos vemos sometidos.<\/p>\n\n\n\n<p>Al que obra mal, mal le va, pero si lo entendemos en sentido contrario, la vida nos regresar\u00e1 tambi\u00e9n todo lo bueno que hagamos; por ello, m\u00e1s que preocuparse por lo que la vida nos dar\u00e1, debemos ocuparnos en lo que debemos entregarle a la vida, pues la buena cosecha es producto de la buena semilla que sembremos.<\/p>\n\n\n\n<p>Estar conscientes que el segundo lugar es el primer perdedor, esa es la regla y nadie se debe sentir enga\u00f1ado; de ah\u00ed que tanto en el triunfo como en la derrota, se debe tener humildad y asumir con dignidad los malos tiempos cuando no hicimos lo suficiente para mejorarlos.<\/p>\n\n\n\n<p>Cuando no se sabe perder, siempre echaremos la culpa a las circunstancias en el mejor de los casos, o diremos que fuimos objeto de las trampas de los contrarios en el peor de ellos; el caso es que algunos no saben asumir su responsabilidad en la derrota.<\/p>\n\n\n\n<p>Esto \u00faltimo es el signo de nuestra \u00e9poca, creemos ser los buenos de la pel\u00edcula y que la \u00fanica verdad v\u00e1lida es la nuestra, y cuando escuchamos posturas contrarias a la tesis que sustentamos, nos tornamos intolerantes a la oposici\u00f3n, echando por tierra su derecho a expresarse.<\/p>\n\n\n\n<p>No cabe duda, el ganador se lleva todo, nadie debe discutir los m\u00e9ritos que los llev\u00f3 al triunfo, como tambi\u00e9n, nadie reconocer\u00e1 ni un c\u00e9ntimo de liderazgo cuando \u00e9ste sea utilizado en detrimento de aquellos que los llevaron a la victoria.<\/p>\n\n\n\n<p>Por ello, tendremos que seguir caminando hasta que el destino nos alcance, y es mejor hacerlo con entusiasmo; erradicar de nuestra alma, de nuestro coraz\u00f3n y de nuestra mente la amargura, el rencor y el resentimiento; estar limpios de ellos y vivir en paz consigo mismo, con nuestra vida y con nuestro entorno; recordar que lo que no nos destruye, entonces nos fortalece.<\/p>\n\n\n\n<p><strong>Las palabras se las lleva el viento, pero mi pensamiento escrito est\u00e1.<\/strong><\/p>\n","protected":false},"excerpt":{"rendered":"<p>Pido la palabra\u00a0 Mucha gente, sin medir las consecuencias, hace del chisme su modo de conseguir sus objetivos, y no se pone a pensar en el da\u00f1o que hace a aquel que est\u00e1 colocando en el ojo de hurac\u00e1n; a\u00f1os de construir un prestigio se van por la borda en la boca de los mercenarios [&hellip;]<\/p>\n","protected":false},"author":86,"featured_media":235075,"comment_status":"closed","ping_status":"closed","sticky":false,"template":"","format":"standard","meta":{"footnotes":""},"categories":[51,42],"tags":[],"class_list":["post-237887","post","type-post","status-publish","format-standard","has-post-thumbnail","hentry","category-miguel-rosales","category-nuestrapalabra"],"_links":{"self":[{"href":"https:\/\/plazajuarez.mx\/historico\/wp-json\/wp\/v2\/posts\/237887","targetHints":{"allow":["GET"]}}],"collection":[{"href":"https:\/\/plazajuarez.mx\/historico\/wp-json\/wp\/v2\/posts"}],"about":[{"href":"https:\/\/plazajuarez.mx\/historico\/wp-json\/wp\/v2\/types\/post"}],"author":[{"embeddable":true,"href":"https:\/\/plazajuarez.mx\/historico\/wp-json\/wp\/v2\/users\/86"}],"replies":[{"embeddable":true,"href":"https:\/\/plazajuarez.mx\/historico\/wp-json\/wp\/v2\/comments?post=237887"}],"version-history":[{"count":0,"href":"https:\/\/plazajuarez.mx\/historico\/wp-json\/wp\/v2\/posts\/237887\/revisions"}],"wp:featuredmedia":[{"embeddable":true,"href":"https:\/\/plazajuarez.mx\/historico\/wp-json\/wp\/v2\/media\/235075"}],"wp:attachment":[{"href":"https:\/\/plazajuarez.mx\/historico\/wp-json\/wp\/v2\/media?parent=237887"}],"wp:term":[{"taxonomy":"category","embeddable":true,"href":"https:\/\/plazajuarez.mx\/historico\/wp-json\/wp\/v2\/categories?post=237887"},{"taxonomy":"post_tag","embeddable":true,"href":"https:\/\/plazajuarez.mx\/historico\/wp-json\/wp\/v2\/tags?post=237887"}],"curies":[{"name":"wp","href":"https:\/\/api.w.org\/{rel}","templated":true}]}}