{"id":237876,"date":"2022-11-11T09:57:46","date_gmt":"2022-11-11T15:57:46","guid":{"rendered":"https:\/\/plazajuarez.mx\/?p=237876"},"modified":"2022-11-11T09:57:53","modified_gmt":"2022-11-11T15:57:53","slug":"realizaron-foro-de-consulta-en-huejutla","status":"publish","type":"post","link":"https:\/\/plazajuarez.mx\/historico\/realizaron-foro-de-consulta-en-huejutla\/","title":{"rendered":"Realizaron foro de consulta en Huejutla\u00a0"},"content":{"rendered":"\n<p>En la Huasteca hidalguense fue realizado el segundo de siete foros de consulta sobre derechos pol\u00edticos a personas con discapacidad organizado por el Congreso de Hidalgo.&nbsp;<\/p>\n\n\n\n<p>Al dar la bienvenida a asociaciones civiles de Huejutla, el presidente de la Junta de Gobierno del Poder Legislativo, Julio Valera Piedras, coment\u00f3 que, por primera ocasi\u00f3n en la historia de la entidad, para la construcci\u00f3n de las leyes se debe consultar a la poblaci\u00f3n interesada, en este caso a las personas con discapacidad.&nbsp;<\/p>\n\n\n\n<p>&#8220;Es importante que estemos reunidos todos los que nos toca participar no solo en el planteamiento y creaci\u00f3n de leyes, sino en la aplicaci\u00f3n de las mismas, pero tambi\u00e9n en las pol\u00edticas p\u00fablicas que se tiene que dar para la gente con discapacidad&#8221;, se\u00f1al\u00f3.&nbsp;<\/p>\n\n\n\n<p>Valera Piedras indic\u00f3 que los siete foros regionales atienden el mandato del Tribunal Electoral del Poder Judicial de la Federaci\u00f3n que estipula que toda ley sobre derechos pol\u00edtico-electorales para personas con discapacidad debe ser consultada.&nbsp;<\/p>\n\n\n\n<p>Por su parte, la diputada y presidenta de la Primera Comisi\u00f3n de Derechos Humanos y Atenci\u00f3n a Personas con Discapacidad, Michelle Calder\u00f3n Ram\u00edrez, explic\u00f3 que en los foros de consulta ser\u00e1n analizadas cuatro ordenamientos: C\u00f3digo Electoral de Hidalgo, Ley Org\u00e1nica de la Administraci\u00f3n P\u00fablica, Ley Org\u00e1nica Municipal y Ley de Participaci\u00f3n Ciudadana, los cuales fueron modificados por el Congreso estatal en referencia a las garant\u00edas de los derechos pol\u00edtico-electorales para las personas con discapacidad.&nbsp;<\/p>\n\n\n\n<p>&#8220;Nunca hab\u00edamos salido a preguntar y nos dieran sus opiniones sobre el trabajo legislativo, que se puede mejorar y lo hagamos en conjunto&#8221;, se\u00f1al\u00f3.&nbsp;<\/p>\n\n\n\n<p>Al evento acudieron la diputada, Mar\u00eda Adelaida Mu\u00f1oz Jumilla y el diputado, Fortunato Gonz\u00e1lez Islas, representante del distrito local IV con cabecera en Huejutla; entre otras autoridades.<\/p>\n","protected":false},"excerpt":{"rendered":"<p>En la Huasteca hidalguense fue realizado el segundo de siete foros de consulta sobre derechos pol\u00edticos a personas con discapacidad organizado por el Congreso de Hidalgo.&nbsp; Al dar la bienvenida a asociaciones civiles de Huejutla, el presidente de la Junta de Gobierno del Poder Legislativo, Julio Valera Piedras, coment\u00f3 que, por primera ocasi\u00f3n en la [&hellip;]<\/p>\n","protected":false},"author":93,"featured_media":237877,"comment_status":"closed","ping_status":"closed","sticky":false,"template":"","format":"standard","meta":{"footnotes":""},"categories":[59,2159],"tags":[],"class_list":["post-237876","post","type-post","status-publish","format-standard","has-post-thumbnail","hentry","category-general","category-noticias-de-hidalgo"],"_links":{"self":[{"href":"https:\/\/plazajuarez.mx\/historico\/wp-json\/wp\/v2\/posts\/237876","targetHints":{"allow":["GET"]}}],"collection":[{"href":"https:\/\/plazajuarez.mx\/historico\/wp-json\/wp\/v2\/posts"}],"about":[{"href":"https:\/\/plazajuarez.mx\/historico\/wp-json\/wp\/v2\/types\/post"}],"author":[{"embeddable":true,"href":"https:\/\/plazajuarez.mx\/historico\/wp-json\/wp\/v2\/users\/93"}],"replies":[{"embeddable":true,"href":"https:\/\/plazajuarez.mx\/historico\/wp-json\/wp\/v2\/comments?post=237876"}],"version-history":[{"count":0,"href":"https:\/\/plazajuarez.mx\/historico\/wp-json\/wp\/v2\/posts\/237876\/revisions"}],"wp:featuredmedia":[{"embeddable":true,"href":"https:\/\/plazajuarez.mx\/historico\/wp-json\/wp\/v2\/media\/237877"}],"wp:attachment":[{"href":"https:\/\/plazajuarez.mx\/historico\/wp-json\/wp\/v2\/media?parent=237876"}],"wp:term":[{"taxonomy":"category","embeddable":true,"href":"https:\/\/plazajuarez.mx\/historico\/wp-json\/wp\/v2\/categories?post=237876"},{"taxonomy":"post_tag","embeddable":true,"href":"https:\/\/plazajuarez.mx\/historico\/wp-json\/wp\/v2\/tags?post=237876"}],"curies":[{"name":"wp","href":"https:\/\/api.w.org\/{rel}","templated":true}]}}