{"id":237858,"date":"2022-11-11T09:38:46","date_gmt":"2022-11-11T15:38:46","guid":{"rendered":"https:\/\/plazajuarez.mx\/?p=237858"},"modified":"2022-11-11T09:38:51","modified_gmt":"2022-11-11T15:38:51","slug":"cartas","status":"publish","type":"post","link":"https:\/\/plazajuarez.mx\/historico\/cartas\/","title":{"rendered":"CARTAS"},"content":{"rendered":"\n<h2 class=\"wp-block-heading\">ALFIL NEGRO<\/h2>\n\n\n\n<p>En la vida se escriben muchas cartas<\/p>\n\n\n\n<p>Sobre todo en los tiempos<\/p>\n\n\n\n<p>En que eran el \u00fanico medio<\/p>\n\n\n\n<p>Para hacer llegar saludos,<\/p>\n\n\n\n<p>Felicitaciones o condolencias,<\/p>\n\n\n\n<p>Y las cartas se esperaban<\/p>\n\n\n\n<p>Con ilusi\u00f3n y esperanza,<\/p>\n\n\n\n<p>Con alegr\u00eda y muchas veces<\/p>\n\n\n\n<p>Con l\u00e1grimas de pena,<\/p>\n\n\n\n<p>Porque eran cartas de saludos<\/p>\n\n\n\n<p>De noticias y avisos,<\/p>\n\n\n\n<p>Cartas de los padres<\/p>\n\n\n\n<p>De la novia o de amigos,<\/p>\n\n\n\n<p>Que generalmente empezaban<\/p>\n\n\n\n<p>Con la fecha y el lugar de donde se escrib\u00eda ,<\/p>\n\n\n\n<p>Para seguir despu\u00e9s<\/p>\n\n\n\n<p>Con el resto de la carta,<\/p>\n\n\n\n<p>Que despertaba ilusiones<\/p>\n\n\n\n<p>Sue\u00f1os y alegr\u00edas.<\/p>\n\n\n\n<p>Eran otros tiempos,<\/p>\n\n\n\n<p>En que no hab\u00eda redes sociales<\/p>\n\n\n\n<p>Ni influencers ni bots,<\/p>\n\n\n\n<p>Y en los que las cartas<\/p>\n\n\n\n<p>Permit\u00edan enviar no s\u00f3lo saludos<\/p>\n\n\n\n<p>Sino sentimientos y el alma misma.<\/p>\n\n\n\n<p>Y ahora que estoy grande,<\/p>\n\n\n\n<p>C\u00f3mo lamento no haber escrito<\/p>\n\n\n\n<p>Ciertas cartas, por olvido<\/p>\n\n\n\n<p>O simplemente por torpeza,<\/p>\n\n\n\n<p>Y ahora me pregunto<\/p>\n\n\n\n<p>Por qu\u00e9 no le escrib\u00ed<\/p>\n\n\n\n<p>A mi viejo maestro,<\/p>\n\n\n\n<p>Que me ense\u00f1\u00f3 las sumas y las restas,<\/p>\n\n\n\n<p>El respeto a los padres,<\/p>\n\n\n\n<p>Al himno y la bandera,<\/p>\n\n\n\n<p>A las personas mayores<\/p>\n\n\n\n<p>Y el amor a la patria,<\/p>\n\n\n\n<p>Y un d\u00eda se fue por siempre,<\/p>\n\n\n\n<p>Y no tuve el acierto<\/p>\n\n\n\n<p>De escribirle una carta<\/p>\n\n\n\n<p>Y eso lo lamento.<\/p>\n\n\n\n<p>\u00bfPor qu\u00e9 no le escrib\u00ed a mi madre<\/p>\n\n\n\n<p>Muchas cartas ,pese a que ella<\/p>\n\n\n\n<p>Me mand\u00f3 muchas de ellas?<\/p>\n\n\n\n<p>Y se quedaron tantas cosas<\/p>\n\n\n\n<p>Por contar y escribir,<\/p>\n\n\n\n<p>Y que ahora muchas veces<\/p>\n\n\n\n<p>Le platico y le cuento,<\/p>\n\n\n\n<p>Y le hablo de sus nietos<\/p>\n\n\n\n<p>Le pido que los cuide,<\/p>\n\n\n\n<p>Que cuide a mi se\u00f1ora<\/p>\n\n\n\n<p>Que bendiga a sus hijos,<\/p>\n\n\n\n<p>Y en voz muy bajita,<\/p>\n\n\n\n<p>Le digo que la extra\u00f1o<\/p>\n\n\n\n<p>Y que sigo cantando<\/p>\n\n\n\n<p>Eso que le gustaba<\/p>\n\n\n\n<p>Y que juntos cantamos\u2026<\/p>\n\n\n\n<p>Si tan s\u00f3lo una carta<\/p>\n\n\n\n<p>Le hubiera yo mandado,<\/p>\n\n\n\n<p>hablando de estas cosas<\/p>\n\n\n\n<p>Pero no la escrib\u00ed\u2026<\/p>\n\n\n\n<p>Cu\u00e1ntas cartas faltaron<\/p>\n\n\n\n<p>Por escribirse a tiempo,<\/p>\n\n\n\n<p>A los t\u00edos y familias,<\/p>\n\n\n\n<p>A todos los amigos<\/p>\n\n\n\n<p>Compa\u00f1eros de escuela,<\/p>\n\n\n\n<p>Cartas en hojas blancas<\/p>\n\n\n\n<p>Que nunca redactamos,<\/p>\n\n\n\n<p>Que nunca las mandamos<\/p>\n\n\n\n<p>Y que nunca se har\u00e1n\u2026<\/p>\n\n\n\n<p>Las cartas ten\u00edan alma<\/p>\n\n\n\n<p>Las cartas ten\u00edan alas,<\/p>\n\n\n\n<p>Hablaban de las milpas<\/p>\n\n\n\n<p>Del campo y sus cosechas,<\/p>\n\n\n\n<p>De bodas y de fiestas,<\/p>\n\n\n\n<p>Nacimientos y muertes,<\/p>\n\n\n\n<p>Y eran las caricias<\/p>\n\n\n\n<p>De la madre hacia el hijo,<\/p>\n\n\n\n<p>Y ten\u00edan los sabores<\/p>\n\n\n\n<p>De cocinas de le\u00f1a<\/p>\n\n\n\n<p>Y campanas de pueblo.<\/p>\n\n\n\n<p>Ahora ya no hay cartas,<\/p>\n\n\n\n<p>No hay tiempo de escribirlas<\/p>\n\n\n\n<p>Tampoco de leerlas,<\/p>\n\n\n\n<p>Lo que urge es lo concreto<\/p>\n\n\n\n<p>Mensajes de tres l\u00edneas,<\/p>\n\n\n\n<p>\u201cWhatsapes\u201d de tan breves<\/p>\n\n\n\n<p>Que ni a la ofensa llegan,<\/p>\n\n\n\n<p>Todos gritan y bufan<\/p>\n\n\n\n<p>Se cachetean entre ellos,<\/p>\n\n\n\n<p>Y en las redes hay sangre<\/p>\n\n\n\n<p>Casi siempre inocente,<\/p>\n\n\n\n<p>De gente que sin nombre<\/p>\n\n\n\n<p>Ni apellido ni cara<\/p>\n\n\n\n<p>Clava dagas cobardes<\/p>\n\n\n\n<p>En corazones limpios,<\/p>\n\n\n\n<p>Y ojos de horizonte<\/p>\n\n\n\n<p>Y alas para volar\u2026<\/p>\n\n\n\n<p>Yo guardo en mi cartera<\/p>\n\n\n\n<p>Una carta inocente,<\/p>\n\n\n\n<p>Que me escribi\u00f3 mi ni\u00f1o<\/p>\n\n\n\n<p>Con letra en color rojo,<\/p>\n\n\n\n<p>En que me dice tierno<\/p>\n\n\n\n<p>\u201cPap\u00e1 eres mi alma\u201d<\/p>\n\n\n\n<p>Y siento que mi vida<\/p>\n\n\n\n<p>Encuentra un gran sentido<\/p>\n\n\n\n<p>En los ojos serenos<\/p>\n\n\n\n<p>De mi esposa y mis hijos<\/p>\n\n\n\n<p>Y en esa cartita que guardo con cari\u00f1o<\/p>\n\n\n\n<p>Tengo norte y destino<\/p>\n\n\n\n<p>Y raz\u00f3n de vivir.<\/p>\n","protected":false},"excerpt":{"rendered":"<p>ALFIL NEGRO En la vida se escriben muchas cartas Sobre todo en los tiempos En que eran el \u00fanico medio Para hacer llegar saludos, Felicitaciones o condolencias, Y las cartas se esperaban Con ilusi\u00f3n y esperanza, Con alegr\u00eda y muchas veces Con l\u00e1grimas de pena, Porque eran cartas de saludos De noticias y avisos, Cartas [&hellip;]<\/p>\n","protected":false},"author":83,"featured_media":234680,"comment_status":"closed","ping_status":"closed","sticky":false,"template":"","format":"standard","meta":{"footnotes":""},"categories":[48,42],"tags":[],"class_list":["post-237858","post","type-post","status-publish","format-standard","has-post-thumbnail","hentry","category-adalberto-peralta","category-nuestrapalabra"],"_links":{"self":[{"href":"https:\/\/plazajuarez.mx\/historico\/wp-json\/wp\/v2\/posts\/237858","targetHints":{"allow":["GET"]}}],"collection":[{"href":"https:\/\/plazajuarez.mx\/historico\/wp-json\/wp\/v2\/posts"}],"about":[{"href":"https:\/\/plazajuarez.mx\/historico\/wp-json\/wp\/v2\/types\/post"}],"author":[{"embeddable":true,"href":"https:\/\/plazajuarez.mx\/historico\/wp-json\/wp\/v2\/users\/83"}],"replies":[{"embeddable":true,"href":"https:\/\/plazajuarez.mx\/historico\/wp-json\/wp\/v2\/comments?post=237858"}],"version-history":[{"count":0,"href":"https:\/\/plazajuarez.mx\/historico\/wp-json\/wp\/v2\/posts\/237858\/revisions"}],"wp:featuredmedia":[{"embeddable":true,"href":"https:\/\/plazajuarez.mx\/historico\/wp-json\/wp\/v2\/media\/234680"}],"wp:attachment":[{"href":"https:\/\/plazajuarez.mx\/historico\/wp-json\/wp\/v2\/media?parent=237858"}],"wp:term":[{"taxonomy":"category","embeddable":true,"href":"https:\/\/plazajuarez.mx\/historico\/wp-json\/wp\/v2\/categories?post=237858"},{"taxonomy":"post_tag","embeddable":true,"href":"https:\/\/plazajuarez.mx\/historico\/wp-json\/wp\/v2\/tags?post=237858"}],"curies":[{"name":"wp","href":"https:\/\/api.w.org\/{rel}","templated":true}]}}