{"id":237856,"date":"2022-11-11T09:37:21","date_gmt":"2022-11-11T15:37:21","guid":{"rendered":"https:\/\/plazajuarez.mx\/?p=237856"},"modified":"2022-11-11T09:37:39","modified_gmt":"2022-11-11T15:37:39","slug":"el-deseo-de-todos-que-el-camino-para-el-verdadero-cambio-sea-el-de-la-politica","status":"publish","type":"post","link":"https:\/\/plazajuarez.mx\/historico\/el-deseo-de-todos-que-el-camino-para-el-verdadero-cambio-sea-el-de-la-politica\/","title":{"rendered":"El deseo de todos: que el camino para el verdadero cambio, sea el de la pol\u00edtica"},"content":{"rendered":"\n<h2 class=\"wp-block-heading\">RETRATOS HABLADOS<\/h2>\n\n\n\n<p>Mantener la certeza de que el camino de la pol\u00edtica es la \u00fanica posibilidad de lograr una sociedad m\u00e1s justa, es un principio fundamental y necesario en estos tiempos que nos ha tocado vivir, y que por momentos hacen pensar si la desilusi\u00f3n ante un gobierno que se cre\u00eda progresista y sensible, no es la antesala para que reaparezca la violencia como alternativa ante los fracasos continuos de la v\u00eda del sufragio.<\/p>\n\n\n\n<p>La seguridad de que el voto podr\u00eda tener la facultad para corregir errores, y si estos se repitieran volver a aplicar el desprecio hacia el que se equivocara, flaquea de manera preocupante, para abrir de nueva cuenta caminos que nunca han tenido buenos resultados.<\/p>\n\n\n\n<p>Nada m\u00e1s negativo en este camino de insistir hasta la saciedad que s\u00f3lo a trav\u00e9s del sufragio se puede generar un cambio, que una gesti\u00f3n federal como la que en la actualidad vivimos, y que muchos ya padecen, porque ya no se trata solamente de confirmar que los vicios se pueden disfrazar o cambiar de nombre, pero persistir, sino que el desenga\u00f1o se transforme en la chispa que encienda la p\u00f3lvora tanto tiempo guardada.<\/p>\n\n\n\n<p>Porque, en serio, fueron tantas las expectativas del gobierno de la 4T, las ilusiones puestas en el mismo por la posibilidad de arribar a una nueva era, que a la fecha son miles y miles los que no ha ca\u00eddo, o no quieren caer en la cuenta de que las cosas siguen igual, a lo mejor hasta peor, y no hay para d\u00f3nde dar la vuelta.<\/p>\n\n\n\n<p>Con absoluto pesimismo algunos adelantan que lo peor est\u00e1 por venir, con un poder brutal de las fuerzas armadas, no solo en lo pol\u00edtico sino en lo econ\u00f3mico. Pero ese absoluto pesimismo pareciera que tiene toda la raz\u00f3n.<\/p>\n\n\n\n<p>Recortes masivos a los gobiernos estatales, empecinamiento en volver a las empresas de estado, al negocio de estado que nunca ha funcionado, ni aqu\u00ed ni en ning\u00fan pa\u00eds como fue la ex Uni\u00f3n Sovi\u00e9tica.<\/p>\n\n\n\n<p><strong><\/strong><strong>\u00bfQu\u00e9 esperar de los tiempos por venir?<\/strong><\/p>\n\n\n\n<p>Tal vez que nada, o tal vez algo: que esta pesadilla termine lo m\u00e1s r\u00e1pido, que el l\u00edder divino d\u00e9 paso, de seguir su partido en el poder, a un pol\u00edtico, hombre o mujer, con la capacidad simple y llana de escuchar y corregir el rumbo cuando sea necesario. De recuperar su calidad de simple mortal que ofrezca a la ciudadan\u00eda el bienestar en la tierra de hoy, no en las glorias eternas de quien quiere meterse a toda costa en la historia, ya no solo de M\u00e9xico, sino de todo el Continente.<\/p>\n\n\n\n<p>El Ch\u00e9 fue un caso excepcional. Los dem\u00e1s, apenas a unos a\u00f1os de que se fueron, viven en el olvido porque eso merecen. Nada que ver un Ch\u00e9 con un Fidel. Del primero todav\u00eda hay espacio en la memoria de muchos. Del segundo no, y si lo hay es para buscar que sea olvidado para siempre.<\/p>\n\n\n\n<p>Ojal\u00e1 y todav\u00eda haya tiempo para la pol\u00edtica como camino a recuperar la senda.<\/p>\n\n\n\n<p>Mil gracias, hasta el lunes.<\/p>\n\n\n\n<p><a href=\"mailto:jeperalta@plazajuarez.mx\/historico\/historico\">jeperalta@plazajuarez.mx\/historico\/historico<\/a><\/p>\n\n\n\n<p>@JavierEPeralta<\/p>\n","protected":false},"excerpt":{"rendered":"<p>RETRATOS HABLADOS Mantener la certeza de que el camino de la pol\u00edtica es la \u00fanica posibilidad de lograr una sociedad m\u00e1s justa, es un principio fundamental y necesario en estos tiempos que nos ha tocado vivir, y que por momentos hacen pensar si la desilusi\u00f3n ante un gobierno que se cre\u00eda progresista y sensible, no [&hellip;]<\/p>\n","protected":false},"author":10,"featured_media":234662,"comment_status":"closed","ping_status":"closed","sticky":false,"template":"","format":"standard","meta":{"footnotes":""},"categories":[49,42],"tags":[],"class_list":["post-237856","post","type-post","status-publish","format-standard","has-post-thumbnail","hentry","category-javier-peralta","category-nuestrapalabra"],"_links":{"self":[{"href":"https:\/\/plazajuarez.mx\/historico\/wp-json\/wp\/v2\/posts\/237856","targetHints":{"allow":["GET"]}}],"collection":[{"href":"https:\/\/plazajuarez.mx\/historico\/wp-json\/wp\/v2\/posts"}],"about":[{"href":"https:\/\/plazajuarez.mx\/historico\/wp-json\/wp\/v2\/types\/post"}],"author":[{"embeddable":true,"href":"https:\/\/plazajuarez.mx\/historico\/wp-json\/wp\/v2\/users\/10"}],"replies":[{"embeddable":true,"href":"https:\/\/plazajuarez.mx\/historico\/wp-json\/wp\/v2\/comments?post=237856"}],"version-history":[{"count":0,"href":"https:\/\/plazajuarez.mx\/historico\/wp-json\/wp\/v2\/posts\/237856\/revisions"}],"wp:featuredmedia":[{"embeddable":true,"href":"https:\/\/plazajuarez.mx\/historico\/wp-json\/wp\/v2\/media\/234662"}],"wp:attachment":[{"href":"https:\/\/plazajuarez.mx\/historico\/wp-json\/wp\/v2\/media?parent=237856"}],"wp:term":[{"taxonomy":"category","embeddable":true,"href":"https:\/\/plazajuarez.mx\/historico\/wp-json\/wp\/v2\/categories?post=237856"},{"taxonomy":"post_tag","embeddable":true,"href":"https:\/\/plazajuarez.mx\/historico\/wp-json\/wp\/v2\/tags?post=237856"}],"curies":[{"name":"wp","href":"https:\/\/api.w.org\/{rel}","templated":true}]}}