{"id":23776,"date":"2016-06-28T12:25:23","date_gmt":"2016-06-28T12:25:23","guid":{"rendered":"http:\/\/plazajuarez.mx\/index\/index.php\/2016\/06\/28\/el-psoe-no-se-abstendra-ante-la-investidura-de-mariano-rajoy\/"},"modified":"2016-06-28T12:25:23","modified_gmt":"2016-06-28T12:25:23","slug":"el-psoe-no-se-abstendra-ante-la-investidura-de-mariano-rajoy","status":"publish","type":"post","link":"https:\/\/plazajuarez.mx\/historico\/el-psoe-no-se-abstendra-ante-la-investidura-de-mariano-rajoy\/","title":{"rendered":"El PSOE no se abstendr\u00e1 ante la investidura de Mariano Rajoy"},"content":{"rendered":"<p style=\"text-align: justify;\">Elecciones generales en Espa\u00f1a<br \/>\u25cf\u00a0\u00a0\u00a0 Los socialistas celebrar\u00e1n un comit\u00e9 federal el pr\u00f3ximo 9 de julio. &#8220;Es el tiempo de Rajoy&#8221;, dicen<br \/>\u201cA partir de este momento, es a Rajoy a quien corresponde la iniciativa. Tiene que despejar hip\u00f3tesis, como si se va a presentar a la investidura. Tiene que decir con qui\u00e9n va a hablar y de qu\u00e9 va a hacerlo. Y entre sus afines ideol\u00f3gicos no est\u00e1 el PSOE\u201d.<\/p>\n<p>  <!--more-->  <\/p>\n<p style=\"text-align: justify;\">&#8220;No vamos a apoyar la investidura de Rajoy ni nos vamos a abstener&#8221;. Antonio Hernando, portavoz socialista, dej\u00f3 clara la postura del PSOE en el caso de que el l\u00edder del PP se someta a una votaci\u00f3n de investidura. <br \/>&#8220;Le toca a Mariano Rajoy dar el primer paso y no estamos dispuestos a que sea el PSOE el que tenga la presi\u00f3n&#8221;, dijo Hernando ayer. &#8220;Si Rajoy quiere hablar, que lo haga con sus afines ideol\u00f3gicos&#8221;, ha mantenido, poniendo de ejemplo incluso a la &#8220;derecha nacionalista&#8221;.<br \/>La clave para que salga adelante el Gobierno de Mariano Rajoy puede estar en la abstenci\u00f3n de Pedro Quevedo, diputado de Nueva Canaria, que ha ido en coalici\u00f3n con el PSOE pero manteniendo su autonom\u00eda. Este diputado ya ha adelantado que se abstendr\u00eda si cuenta con el benepl\u00e1cito del PSOE. Esta podr\u00eda ser la soluci\u00f3n. Mientras tanto, y hasta el comit\u00e9 federal del 9 de julio, el PSOE mantendr\u00e1 que no apoyar\u00e1 un gobierno de Mariano Rajoy ni con el voto a favor ni con la abstenci\u00f3n.\u00a0 <br \/>El l\u00edder del PSOE, Pedro S\u00e1nchez, ha transmitido a su Ejecutiva su intenci\u00f3n de no apoyar a Rajoy para que este siga en La Moncloa. Al igual que ocurri\u00f3 tras el 20-D, los socialistas consideran que ahora es al PP a quien le toca intentar la formaci\u00f3n de Gobierno, recalc\u00f3 Hernando.<\/p>\n","protected":false},"excerpt":{"rendered":"<p>Elecciones generales en Espa\u00f1a\u25cf\u00a0\u00a0\u00a0 Los socialistas celebrar\u00e1n un comit\u00e9 federal el pr\u00f3ximo 9 de julio. &#8220;Es el tiempo de Rajoy&#8221;, dicen\u201cA partir de este momento, es a Rajoy a quien corresponde la iniciativa. Tiene que despejar hip\u00f3tesis, como si se va a presentar a la investidura. Tiene que decir con qui\u00e9n va a hablar y [&hellip;]<\/p>\n","protected":false},"author":93,"featured_media":0,"comment_status":"open","ping_status":"open","sticky":false,"template":"","format":"standard","meta":{"footnotes":""},"categories":[31],"tags":[],"class_list":["post-23776","post","type-post","status-publish","format-standard","hentry","category-orbe"],"_links":{"self":[{"href":"https:\/\/plazajuarez.mx\/historico\/wp-json\/wp\/v2\/posts\/23776","targetHints":{"allow":["GET"]}}],"collection":[{"href":"https:\/\/plazajuarez.mx\/historico\/wp-json\/wp\/v2\/posts"}],"about":[{"href":"https:\/\/plazajuarez.mx\/historico\/wp-json\/wp\/v2\/types\/post"}],"author":[{"embeddable":true,"href":"https:\/\/plazajuarez.mx\/historico\/wp-json\/wp\/v2\/users\/93"}],"replies":[{"embeddable":true,"href":"https:\/\/plazajuarez.mx\/historico\/wp-json\/wp\/v2\/comments?post=23776"}],"version-history":[{"count":0,"href":"https:\/\/plazajuarez.mx\/historico\/wp-json\/wp\/v2\/posts\/23776\/revisions"}],"wp:attachment":[{"href":"https:\/\/plazajuarez.mx\/historico\/wp-json\/wp\/v2\/media?parent=23776"}],"wp:term":[{"taxonomy":"category","embeddable":true,"href":"https:\/\/plazajuarez.mx\/historico\/wp-json\/wp\/v2\/categories?post=23776"},{"taxonomy":"post_tag","embeddable":true,"href":"https:\/\/plazajuarez.mx\/historico\/wp-json\/wp\/v2\/tags?post=23776"}],"curies":[{"name":"wp","href":"https:\/\/api.w.org\/{rel}","templated":true}]}}