{"id":23775,"date":"2016-06-28T12:25:11","date_gmt":"2016-06-28T12:25:11","guid":{"rendered":"http:\/\/plazajuarez.mx\/index\/index.php\/2016\/06\/28\/rechaza-supremo-restricciones-de-texas-al-aborto\/"},"modified":"2016-06-28T12:25:11","modified_gmt":"2016-06-28T12:25:11","slug":"rechaza-supremo-restricciones-de-texas-al-aborto","status":"publish","type":"post","link":"https:\/\/plazajuarez.mx\/historico\/rechaza-supremo-restricciones-de-texas-al-aborto\/","title":{"rendered":"Rechaza Supremo restricciones de Texas al aborto"},"content":{"rendered":"<p style=\"text-align: justify;\">Buen golpe al loco Trump, que est\u00e1 contra el aborto<br \/>\u25cf\u00a0\u00a0\u00a0 Se trata del primer caso relacionado con el aborto que llega a la Corte superior en casi una d\u00e9cada<\/p>\n<p>  <!--more-->  <\/p>\n<p style=\"text-align: justify;\">El dictamen del Supremo, por cinco votos a favor y tres en contra, llega adem\u00e1s en el arranque de una campa\u00f1a electoral por la presidencia marcada por las pol\u00e9micas declaraciones del candidato republicano, Donald Trump, contra las mujeres, y el hecho de que por primera vez una estadounidense aspire a la presidencia del pa\u00eds. <br \/>El Tribunal Supremo de EU rechaz\u00f3 ayer las restricciones impuestas por el gobierno de Texas a cl\u00ednicas y m\u00e9dicos que practican abortos en ese Estado. La sentencia supone un s\u00f3lido respaldo al derecho al aborto en el primer caso relacionado que estudia la m\u00e1xima instancia judicial en casi una d\u00e9cada.<br \/>Texas aprob\u00f3 en 2013 una ley que impon\u00eda nuevas condiciones a m\u00e9dicos\u00a0 cl\u00ednicas que practicaran abortos. Los jueces del Supremo sostienen que \u201cninguna de estas restricciones ofrece beneficios m\u00e9dicos suficientes para justificar la carga que impone al acceso\u201d al aborto, asegura la sentencia. Cada una de las limitaciones, \u201csupone un obst\u00e1culo indebido\u201d en el camino de las mujeres que busquen interrumpir su embarazo y \u201cviolan la Constituci\u00f3n\u201d.<br \/>\u201cEl argumento de Texas es que sus restricciones son constitucionales porque protegen la salud de las mujeres que sufren complicaciones al abortar. La verdad es que las complicaciones son tan poco frecuentes como raramente peligrosas\u201d, escribi\u00f3 la juez Ruth Bader Ginsburg en su dictamen adjunto a la sentencia. \u201cpensar que una ley como la de Texas verdaderamente protege a las mujeres va m\u00e1s all\u00e1 de lo racional\u201d.<br \/>La aspirante dem\u00f3crata Hillary Clinton ha asegurado estos meses que, si llega a la Casa Blanca, solo nombrar\u00e1 jueces comprometidos en la defensa del derecho al aborto.<br \/>Ayer, minutos despu\u00e9s de conocerse la sentencia, la candidata celebr\u00f3 en Twitter que la decisi\u00f3n es &#8220;una victoria\u201d para las mujeres de Texas y de todo el pa\u00eds. \u201cEl aborto deber\u00eda ser un derecho no solo en papel, sino tambi\u00e9n en la realidad\u201d. En clave electoral, Clinton a\u00f1adi\u00f3 que \u201cla lucha no ha terminado\u201d. \u201cEl pr\u00f3ximo presidente debe proteger la salud de las mujeres, no castigarlas por ejercer sus derechos b\u00e1sicos\u201d.<\/p>\n","protected":false},"excerpt":{"rendered":"<p>Buen golpe al loco Trump, que est\u00e1 contra el aborto\u25cf\u00a0\u00a0\u00a0 Se trata del primer caso relacionado con el aborto que llega a la Corte superior en casi una d\u00e9cada<\/p>\n","protected":false},"author":93,"featured_media":0,"comment_status":"open","ping_status":"open","sticky":false,"template":"","format":"standard","meta":{"footnotes":""},"categories":[31],"tags":[],"class_list":["post-23775","post","type-post","status-publish","format-standard","hentry","category-orbe"],"_links":{"self":[{"href":"https:\/\/plazajuarez.mx\/historico\/wp-json\/wp\/v2\/posts\/23775","targetHints":{"allow":["GET"]}}],"collection":[{"href":"https:\/\/plazajuarez.mx\/historico\/wp-json\/wp\/v2\/posts"}],"about":[{"href":"https:\/\/plazajuarez.mx\/historico\/wp-json\/wp\/v2\/types\/post"}],"author":[{"embeddable":true,"href":"https:\/\/plazajuarez.mx\/historico\/wp-json\/wp\/v2\/users\/93"}],"replies":[{"embeddable":true,"href":"https:\/\/plazajuarez.mx\/historico\/wp-json\/wp\/v2\/comments?post=23775"}],"version-history":[{"count":0,"href":"https:\/\/plazajuarez.mx\/historico\/wp-json\/wp\/v2\/posts\/23775\/revisions"}],"wp:attachment":[{"href":"https:\/\/plazajuarez.mx\/historico\/wp-json\/wp\/v2\/media?parent=23775"}],"wp:term":[{"taxonomy":"category","embeddable":true,"href":"https:\/\/plazajuarez.mx\/historico\/wp-json\/wp\/v2\/categories?post=23775"},{"taxonomy":"post_tag","embeddable":true,"href":"https:\/\/plazajuarez.mx\/historico\/wp-json\/wp\/v2\/tags?post=23775"}],"curies":[{"name":"wp","href":"https:\/\/api.w.org\/{rel}","templated":true}]}}