{"id":23774,"date":"2016-06-28T12:24:55","date_gmt":"2016-06-28T12:24:55","guid":{"rendered":"http:\/\/plazajuarez.mx\/index\/index.php\/2016\/06\/28\/cameron-descarta-un-segundo-referendum-del-brexit\/"},"modified":"2016-06-28T12:24:55","modified_gmt":"2016-06-28T12:24:55","slug":"cameron-descarta-un-segundo-referendum-del-brexit","status":"publish","type":"post","link":"https:\/\/plazajuarez.mx\/historico\/cameron-descarta-un-segundo-referendum-del-brexit\/","title":{"rendered":"Cameron descarta un segundo refer\u00e9ndum del Brexit"},"content":{"rendered":"<p style=\"text-align: justify;\">\u25cf\u00a0\u00a0\u00a0 El l\u00edder brit\u00e1nico tampoco considera leg\u00edtimo realizar un segundo refer\u00e9ndum de independencia en Escocia a\u00f1o y medio despu\u00e9s<\/p>\n<p>  <!--more-->  <\/p>\n<p style=\"text-align: justify;\">El gobierno brit\u00e1nico tambi\u00e9n contest\u00f3 a las amenazas de Sturgen de bloquear la salida de la Uni\u00f3n Europea. La fuente oficial del gobierno fue tajante y dijo que el Parlamento escoc\u00e9s no tiene potestad para vetar el voto del brexit ya que \u00e9sta ha sido tomada por los ciudadanos de todo el Reino Unido.<br \/>El gobierno brit\u00e1nico zanj\u00f3 cualquier posibilidad de realizar un segundo refer\u00e9ndum sobre la permanencia o no en la Uni\u00f3n Europea, seg\u00fan inform\u00f3 una portavoz del primer ministro David Cameron.<br \/>Durante el fin de semana, hasta 3,7 millones de brit\u00e1nicos apoyaron una petici\u00f3n ciudadana ante la C\u00e1mara de los Comunes para anular los resultados del refer\u00e9ndum del pasado d\u00eda 23 y celebrar uno nuevo.<br \/>Cameron habr\u00eda dicho que la decisi\u00f3n de salir de la Uni\u00f3n Europea es \u00absoberana\u00bb y que es hora de \u00abponerse a trabajar\u00bb. El a\u00fan primer ministro brit\u00e1nico ha formado ya un grupo de trabajo para empezar el proceso de desconexi\u00f3n de las instituciones europeas. En esa unidad se incluir\u00e1n a los ministros de Asuntos Exteriores y del Tesoro.<br \/>Cameron se ha mostrado predispuesto a empezar a \u00abponer las bases\u00bb para implementar la salida de la Uni\u00f3n Europea y las nuevas relaciones con las instituciones comunitarias. Sin embargo su portavoz ha dicho que ser\u00e1 cosa del nuevo dirigente regular la situaci\u00f3n de los europeos en el Reino Unido y viceversa.<br \/>La fuente oficial ha recordado que el Reino Unido sigue siendo estado miembro de la Uni\u00f3n Europea y ha dicho que tomar\u00e1n medidas sensibles para no afectar demasiado a las compa\u00f1\u00edas europeas. La portavoz del gobierno ha asegurado que el camino de salida no ser\u00e1 f\u00e1cil pero que tomar\u00e1n medidas para lidiar con la volatilidad de los mercados.<br \/>NO A ESCOCIA <br \/>Cameron considera que no hay razones para realizar un segundo refer\u00e9ndum escoc\u00e9s, como as\u00ed lo pidi\u00f3 su l\u00edder Nicola Sturgeon tan s\u00f3lo 18 meses despu\u00e9s del primero, ya que el refer\u00e9ndum del brexit no ha cambiado la situaci\u00f3n.<\/p>\n","protected":false},"excerpt":{"rendered":"<p>\u25cf\u00a0\u00a0\u00a0 El l\u00edder brit\u00e1nico tampoco considera leg\u00edtimo realizar un segundo refer\u00e9ndum de independencia en Escocia a\u00f1o y medio despu\u00e9s<\/p>\n","protected":false},"author":93,"featured_media":0,"comment_status":"open","ping_status":"open","sticky":false,"template":"","format":"standard","meta":{"footnotes":""},"categories":[31],"tags":[],"class_list":["post-23774","post","type-post","status-publish","format-standard","hentry","category-orbe"],"_links":{"self":[{"href":"https:\/\/plazajuarez.mx\/historico\/wp-json\/wp\/v2\/posts\/23774","targetHints":{"allow":["GET"]}}],"collection":[{"href":"https:\/\/plazajuarez.mx\/historico\/wp-json\/wp\/v2\/posts"}],"about":[{"href":"https:\/\/plazajuarez.mx\/historico\/wp-json\/wp\/v2\/types\/post"}],"author":[{"embeddable":true,"href":"https:\/\/plazajuarez.mx\/historico\/wp-json\/wp\/v2\/users\/93"}],"replies":[{"embeddable":true,"href":"https:\/\/plazajuarez.mx\/historico\/wp-json\/wp\/v2\/comments?post=23774"}],"version-history":[{"count":0,"href":"https:\/\/plazajuarez.mx\/historico\/wp-json\/wp\/v2\/posts\/23774\/revisions"}],"wp:attachment":[{"href":"https:\/\/plazajuarez.mx\/historico\/wp-json\/wp\/v2\/media?parent=23774"}],"wp:term":[{"taxonomy":"category","embeddable":true,"href":"https:\/\/plazajuarez.mx\/historico\/wp-json\/wp\/v2\/categories?post=23774"},{"taxonomy":"post_tag","embeddable":true,"href":"https:\/\/plazajuarez.mx\/historico\/wp-json\/wp\/v2\/tags?post=23774"}],"curies":[{"name":"wp","href":"https:\/\/api.w.org\/{rel}","templated":true}]}}