{"id":237720,"date":"2022-11-10T08:34:50","date_gmt":"2022-11-10T14:34:50","guid":{"rendered":"https:\/\/plazajuarez.mx\/?p=237720"},"modified":"2022-11-10T08:34:56","modified_gmt":"2022-11-10T14:34:56","slug":"se-realizo-el-octavo-parlamento-infantil","status":"publish","type":"post","link":"https:\/\/plazajuarez.mx\/historico\/se-realizo-el-octavo-parlamento-infantil\/","title":{"rendered":"Se realiz\u00f3 el Octavo Parlamento Infantil\u00a0"},"content":{"rendered":"\n<p>Las legisladoras y los legisladores infantiles, subieron a tribuna para exponer los acuerdos de las Comisiones&nbsp; de Igualdad e Inclusi\u00f3n, fortalecimiento a los derechos, Participaci\u00f3n y Prevenci\u00f3n y Seguridad en el uso de Internet.&nbsp;<\/p>\n\n\n\n<p>Pidieron al gobierno de Hidalgo que realice un exhorto a la Comisi\u00f3n para el Desarrollo de los Pueblos Ind\u00edgenas, para fortalecer las acciones encaminadas a proteger a ese sector de la poblaci\u00f3n y promover el respeto y la igualdad de sus derechos, adem\u00e1s para que todas las autoridades traten con igualdad a la poblaci\u00f3n y las personas con discapacidad no sean discriminadas.<\/p>\n\n\n\n<p>Tambi\u00e9n pidieron que en las estaciones de polic\u00eda todas las personas y principalmente las mujeres, sean tratadas con dignidad. Adem\u00e1s urgieron m\u00e1s seguridad en fraccionamientos y que en las colonias de la entidad haya polic\u00edas para vigilar.<\/p>\n\n\n\n<p>Cabe destacar que&nbsp; 30 representantes del parlamento infantil, 18 fueron designados en elecciones democr\u00e1ticas organizadas por el Instituto Estatal Electoral (IEEH) y el Congreso del Estado de Hidalgo, mientras que 12 son de representaci\u00f3n proporcional.&nbsp;<\/p>\n\n\n\n<p>En su momento,&nbsp; Julio Valera Piedras, presidente de la Junta de Gobierno del Congreso de Hidalgo, consider\u00f3 que la participaci\u00f3n de las y los legisladores infantiles son el ejemplo y motivo para construir un estado participativo: \u201cLa presencia de los integrantes de este octavo parlamento infantil en este Congreso es de enorme valor para nosotros como diputados y para todo el estado, pues es una muestra de inter\u00e9s genuino que tienen todas las generaciones para ser part\u00edcipes de nuestro presente<strong> <\/strong>y futuro\u201d, concluy\u00f3.&nbsp;<\/p>\n\n\n\n<p>Por su parte, el mandatario estatal escuch\u00f3 cada una de las propuestas y se comprometi\u00f3 a analizarlas para integrarlas al Plan Estatal de Desarrollo, \u201cya que la voz de la ni\u00f1ez hidalguense es de suma importancia y sus ideas ser\u00e1n tomadas en cuenta para integrarlas en la agenda del futuro\u201d.&nbsp;<\/p>\n\n\n\n<p>Acompa\u00f1ado por la presidenta del Sistema DIF Hidalgo, Edda Vite Ramos, el Ejecutivo felicit\u00f3 el entusiasmo mostrado por cada una y uno de las ni\u00f1as y los ni\u00f1os y los convoc\u00f3 a seguir participando en la construcci\u00f3n de un estado con igualdad de oportunidades, \u201cest\u00e9n convencidos de su capacidad, de su talento e inteligencia\u201d, manifest\u00f3.<\/p>\n","protected":false},"excerpt":{"rendered":"<p>Las legisladoras y los legisladores infantiles, subieron a tribuna para exponer los acuerdos de las Comisiones&nbsp; de Igualdad e Inclusi\u00f3n, fortalecimiento a los derechos, Participaci\u00f3n y Prevenci\u00f3n y Seguridad en el uso de Internet.&nbsp; Pidieron al gobierno de Hidalgo que realice un exhorto a la Comisi\u00f3n para el Desarrollo de los Pueblos Ind\u00edgenas, para fortalecer [&hellip;]<\/p>\n","protected":false},"author":72,"featured_media":237722,"comment_status":"closed","ping_status":"closed","sticky":false,"template":"","format":"standard","meta":{"footnotes":""},"categories":[59,2159],"tags":[],"class_list":["post-237720","post","type-post","status-publish","format-standard","has-post-thumbnail","hentry","category-general","category-noticias-de-hidalgo"],"_links":{"self":[{"href":"https:\/\/plazajuarez.mx\/historico\/wp-json\/wp\/v2\/posts\/237720","targetHints":{"allow":["GET"]}}],"collection":[{"href":"https:\/\/plazajuarez.mx\/historico\/wp-json\/wp\/v2\/posts"}],"about":[{"href":"https:\/\/plazajuarez.mx\/historico\/wp-json\/wp\/v2\/types\/post"}],"author":[{"embeddable":true,"href":"https:\/\/plazajuarez.mx\/historico\/wp-json\/wp\/v2\/users\/72"}],"replies":[{"embeddable":true,"href":"https:\/\/plazajuarez.mx\/historico\/wp-json\/wp\/v2\/comments?post=237720"}],"version-history":[{"count":0,"href":"https:\/\/plazajuarez.mx\/historico\/wp-json\/wp\/v2\/posts\/237720\/revisions"}],"wp:featuredmedia":[{"embeddable":true,"href":"https:\/\/plazajuarez.mx\/historico\/wp-json\/wp\/v2\/media\/237722"}],"wp:attachment":[{"href":"https:\/\/plazajuarez.mx\/historico\/wp-json\/wp\/v2\/media?parent=237720"}],"wp:term":[{"taxonomy":"category","embeddable":true,"href":"https:\/\/plazajuarez.mx\/historico\/wp-json\/wp\/v2\/categories?post=237720"},{"taxonomy":"post_tag","embeddable":true,"href":"https:\/\/plazajuarez.mx\/historico\/wp-json\/wp\/v2\/tags?post=237720"}],"curies":[{"name":"wp","href":"https:\/\/api.w.org\/{rel}","templated":true}]}}