{"id":237704,"date":"2022-11-10T08:26:36","date_gmt":"2022-11-10T14:26:36","guid":{"rendered":"https:\/\/plazajuarez.mx\/?p=237704"},"modified":"2022-11-10T08:26:42","modified_gmt":"2022-11-10T14:26:42","slug":"domingo-13-domingo-negro","status":"publish","type":"post","link":"https:\/\/plazajuarez.mx\/historico\/domingo-13-domingo-negro\/","title":{"rendered":"DOMINGO 13; DOMINGO NEGRO"},"content":{"rendered":"\n<h2 class=\"wp-block-heading\"><em>ALFIL NEGRO<\/em><\/h2>\n\n\n\n<p>El domingo 13, dentro de tres d\u00edas, se llevar\u00e1 a cabo en la Ciudad de M\u00e9xico una Marcha en contra de la REFORMA ELECTORAL, que tendr\u00e1 como especial intenci\u00f3n decirle a los diputados y senadores y al mismo Presidente de la Rep\u00fablica, que muchos mexicanos no est\u00e1n de acuerdo en que se intente destruir al Instituto Nacional Electoral, por todo lo que significa como garant\u00eda para la democracia en su parte m\u00e1s fuerte, que es la voluntad ciudadana que se expresa en las votaciones.<\/p>\n\n\n\n<p>La apuesta del gobierno federal como es sabido, pretende con su reforma cambiar al INE por un Instituto Nacional de Elecciones y Consultas, desaparecer los organismos p\u00fablicos locales y reducir el financiamiento a los partidos pol\u00edticos, y se alega que con esta reforma se ahorrar\u00e1n muchos millones de pesos y se har\u00e1 m\u00e1s barata la democracia que, dicen, es un viejo reclamo de la sociedad.<\/p>\n\n\n\n<p>Del mismo modo propone eliminar 200 diputados federales y 32 senadores plurinominales.<\/p>\n\n\n\n<p><strong>NO TIENE MAYOR\u00cdA CALIFICADA.<\/strong><\/p>\n\n\n\n<p>Para que se apruebe su iniciativa, el Presidente NECESITA MAYOR\u00cdA CALIFICADA EN LAS DOS C\u00c1MARAS y NO LA TIENE.<\/p>\n\n\n\n<p>En la C\u00e1mara de Diputados necesita 334 votos de 500, y Morena y sus aliados s\u00f3lo tienen 277, y en el Senado de la Rep\u00fablica necesita 85 votos de 128, pero con todo y aliados s\u00f3lo&nbsp;<\/p>\n\n\n\n<p>tiene 75 votos. La esperanza del gobierno de la Rep\u00fablica es que el PRI como hizo con la militarizaci\u00f3n vote a favor, junto con Morena y aliados, pero para el PRI de Alito y Viggiano es una oportunidad de oro para recuperar un poco de su imagen que est\u00e1 por los suelos.<\/p>\n\n\n\n<p>Si el PRI se suma a Morena ser\u00e1 su fin sin duda alguna, pues a\u00fan votando en contra es dif\u00edcil que vuelva a ser el partido fuerte que fue por muchos a\u00f1os.<\/p>\n\n\n\n<p><strong>LA MARCHA<\/strong><\/p>\n\n\n\n<p>Este domingo que viene se espera una concentraci\u00f3n fuerte en la capital del pa\u00eds para manifestar repudio a la REFORMA ELECTORAL y para DEFENDER AL INE.<\/p>\n\n\n\n<p>Entre los convocantes est\u00e1n ROBER BATRA, JOS\u00c9 NARRO, CLAUDIO X GONZ\u00c1LEZ y otros que han merecido calificativos muy agresivos del Presidente.<\/p>\n\n\n\n<p><strong>DESCALIFICATIVOS.<\/strong><\/p>\n\n\n\n<p>Entre los calificativos que el Presidente ha dicho contra los que vayan a la marcha y en especial contra los convocantes est\u00e1n: \u201dCRETINOS, CORRUPTAZOS, HIP\u00d3CRITAS, CLASISTAS, FASCISTAS\u2026\u201d.<\/p>\n\n\n\n<p>Si esto no es estar enojado y molesto, es dif\u00edcil decir entonces cuando s\u00ed.<\/p>\n\n\n\n<p>Si fuera s\u00f3lo MAYOR\u00cdA SIMPLE, no habr\u00eda problema porque bastar\u00eda el 50 por ciento de los presentes en la votaci\u00f3n m\u00e1s uno y en ese caso Morena con la mano en la cintura y sin moverle una coma aprobar\u00eda la iniciativa de Reforma Electoral del Presidente, pero es MAYOR\u00cdA CALIFICADA, y ah\u00ed s\u00ed no puede lograrlo sin el apoyo de otros partidos como el PRI.<\/p>\n\n\n\n<p>Alito Moreno, el presidente del partido tricolor, ha dicho que el PRI estar\u00e1 en la marcha, lo que no se ha visto con buenos ojos, porque se dice que m\u00e1s que defender al INE lo que buscan los dirigentes tricolores es sacar raja para sus penas pol\u00edticas.<\/p>\n\n\n\n<p>No ser\u00e1 una marcha m\u00e1s, el mensaje de la misma es muy fuerte en contra de la intenci\u00f3n del Ejecutivo de apropiarse del \u00f3rgano electoral.<\/p>\n\n\n\n<p>Y ya se sabe que \u201cVOX POPULI VOX DEI\u201d, \u201cLA VOZ DEL PUEBLO ES LA VOZ DE DIOS\u201d.<\/p>\n","protected":false},"excerpt":{"rendered":"<p>ALFIL NEGRO El domingo 13, dentro de tres d\u00edas, se llevar\u00e1 a cabo en la Ciudad de M\u00e9xico una Marcha en contra de la REFORMA ELECTORAL, que tendr\u00e1 como especial intenci\u00f3n decirle a los diputados y senadores y al mismo Presidente de la Rep\u00fablica, que muchos mexicanos no est\u00e1n de acuerdo en que se intente [&hellip;]<\/p>\n","protected":false},"author":83,"featured_media":234680,"comment_status":"closed","ping_status":"closed","sticky":false,"template":"","format":"standard","meta":{"footnotes":""},"categories":[48,42],"tags":[],"class_list":["post-237704","post","type-post","status-publish","format-standard","has-post-thumbnail","hentry","category-adalberto-peralta","category-nuestrapalabra"],"_links":{"self":[{"href":"https:\/\/plazajuarez.mx\/historico\/wp-json\/wp\/v2\/posts\/237704","targetHints":{"allow":["GET"]}}],"collection":[{"href":"https:\/\/plazajuarez.mx\/historico\/wp-json\/wp\/v2\/posts"}],"about":[{"href":"https:\/\/plazajuarez.mx\/historico\/wp-json\/wp\/v2\/types\/post"}],"author":[{"embeddable":true,"href":"https:\/\/plazajuarez.mx\/historico\/wp-json\/wp\/v2\/users\/83"}],"replies":[{"embeddable":true,"href":"https:\/\/plazajuarez.mx\/historico\/wp-json\/wp\/v2\/comments?post=237704"}],"version-history":[{"count":0,"href":"https:\/\/plazajuarez.mx\/historico\/wp-json\/wp\/v2\/posts\/237704\/revisions"}],"wp:featuredmedia":[{"embeddable":true,"href":"https:\/\/plazajuarez.mx\/historico\/wp-json\/wp\/v2\/media\/234680"}],"wp:attachment":[{"href":"https:\/\/plazajuarez.mx\/historico\/wp-json\/wp\/v2\/media?parent=237704"}],"wp:term":[{"taxonomy":"category","embeddable":true,"href":"https:\/\/plazajuarez.mx\/historico\/wp-json\/wp\/v2\/categories?post=237704"},{"taxonomy":"post_tag","embeddable":true,"href":"https:\/\/plazajuarez.mx\/historico\/wp-json\/wp\/v2\/tags?post=237704"}],"curies":[{"name":"wp","href":"https:\/\/api.w.org\/{rel}","templated":true}]}}