{"id":237697,"date":"2022-11-10T08:22:43","date_gmt":"2022-11-10T14:22:43","guid":{"rendered":"https:\/\/plazajuarez.mx\/?p=237697"},"modified":"2022-11-10T08:22:58","modified_gmt":"2022-11-10T14:22:58","slug":"dese-por-enterado-1051","status":"publish","type":"post","link":"https:\/\/plazajuarez.mx\/historico\/dese-por-enterado-1051\/","title":{"rendered":"DESE POR ENTERADO"},"content":{"rendered":"\n<p><strong>HIDALGUENSES DESAPARECIDOS EN JALISCO. \u2013<\/strong> La desaparici\u00f3n de nueve hidalguenses, que hab\u00edan acudido al estado de Jalisco para la venta de dos tractocamiones, y luego que otros tres acompa\u00f1antes lograron escapar y declarar que fueron integrantes del crimen organizado quienes \u201clevantaron\u201da sus paisanos, despu\u00e9s de robarles sus unidades, llev\u00f3 a sus familiares y vecinos de la comunidad de Conejos, municipio de Atotonilco de Tula, a bloquear el Arco Norte a la altura de la comunidad de Teocalco, para exigir a las autoridades federales hagan algo para encontrar a los hoy desaparecidos.&nbsp; Para fortuna de todos, poco despu\u00e9s de las 21 horas, se tuvo conocimiento de que los nueve hidalguenses hab\u00edan sido localizados sanos y salvos, y estar\u00edan siendo trasladados a su lugar de origen, por lo que fue levantado el bloqueo.&nbsp; En un clima de terror como el que vive el pa\u00eds, celebramos que nuestros paisanos hayan sido localizados con vida.<\/p>\n\n\n\n<figure class=\"wp-block-image size-full\"><img loading=\"lazy\" decoding=\"async\" width=\"918\" height=\"918\" src=\"https:\/\/plazajuarez.mx\/historico\/historico\/wp-content\/uploads\/2022\/11\/1-1-1.jpg\" alt=\"\" class=\"wp-image-237698\" srcset=\"https:\/\/plazajuarez.mx\/historico\/wp-content\/uploads\/2022\/11\/1-1-1.jpg 918w, https:\/\/plazajuarez.mx\/historico\/wp-content\/uploads\/2022\/11\/1-1-1-768x768.jpg 768w, https:\/\/plazajuarez.mx\/historico\/wp-content\/uploads\/2022\/11\/1-1-1-36x36.jpg 36w\" sizes=\"auto, (max-width: 918px) 100vw, 918px\" \/><\/figure>\n\n\n\n<p><strong>BUENO, \u00bfPUES DE QU\u00c9 PRIVILEGIOS GOZA EL CIPRIANO?<\/strong> \u2013 No es ning\u00fan misterio que el ex diputado federal de Morena no est\u00e1 enfermo, que goza de cabal salud, y que eso de la prisi\u00f3n domiciliaria porque presentaba un cuadro grav\u00edsimo de <strong><em>sinverg\u00fcenzismo cr\u00f3nico<\/em><\/strong>, es lo \u00fanico que podr\u00eda explicar se haya dedicado sin descanso a la grilla en su natal Ixmiquilpan, y hasta retar en entrevistas al gobierno de <strong>Julio Menchaca Salazar<\/strong>. Vaya pues que ni su abuelita le cree lo de la enfermedad, pero la juez que le concedi\u00f3 prisi\u00f3n domiciliaria s\u00ed. Ante lo anterior son muchos, pero muchos, los que se preguntan: \u00bfpues de qu\u00e9 privilegios goza el ex emperador del Mezquital (\u201c\u00bfex?\u201d, dir\u00e1n muchos), porque nada le preocupa a quien mand\u00f3 al otro mundo a un pobre taxista que se cruz\u00f3 en su camino y muri\u00f3 calcinado. Pero del difunto, ya nadie se acuerda.<\/p>\n\n\n\n<p>***<\/p>\n\n\n\n<p><strong>JULIO C\u00c9SAR \u00c1NGELES, \u00bfY QUI\u00c9N JIJOS ES ESE ENERG\u00daMENO?.<\/strong> \u2013 El barbaj\u00e1n que usted ve en el video en que agrede a una reportera del diario El Sol de Hidalgo, nom\u00e1s porque andaba de mal humor, se llama <strong>Julio C\u00e9sar \u00c1ngeles Mendoza<\/strong>, y resulta que fue un ratito diputado federal de Morena por el quinto distrito de mayor\u00eda relativa de Tula, antes fue alcalde de Atotonilco de Tula, de donde sali\u00f3 con muy malas cuentas por el desv\u00edo de 18 millones de pesos, por lo que fue inhabilitado un a\u00f1o. Pues resulta que este prepotente y gandalla sujeto, se le fue a golpes a una reportera que cubr\u00eda el bloque del Arco Norte por los hidalguenses \u201clevantados\u201d en Jalisco, nom\u00e1s porque s\u00ed, pero no conforme con eso, sus guaruras le quitaron el equipo a la agredida y a otro compa\u00f1ero reportero. Hay un video donde se ve a este sujeto en plena agresi\u00f3n, por lo que las autoridades deben intervenir y por lo menos obligarle a que regrese los equipos robados, que fue un robo, y que pida disculpas por su actuar de verdadero pandillero. Ahora entienden mucho porque de plano lo bajaron de la diputaci\u00f3n federal, y lo inhabilitaron cuando era alcalde.&nbsp;<\/p>\n\n\n\n<figure class=\"wp-block-image size-full\"><img loading=\"lazy\" decoding=\"async\" width=\"720\" height=\"1065\" src=\"https:\/\/plazajuarez.mx\/historico\/historico\/wp-content\/uploads\/2022\/11\/Julio-Ce\u0301sar-A\u0301ngeles-Mendoza-Especial-.jpeg\" alt=\"\" class=\"wp-image-237699\"\/><\/figure>\n\n\n\n<p><strong>ARCO NORTE PACHUCA-PUEBLA, UN DESASTRE<\/strong>. \u2013 Es cierto, los asaltos en la carretera \u201cultra moderna\u201d denominada Arco Norte, en el tramo que va de Pachuca a Puebla, se han multiplicado de manera preocupante sin que, como dice el cl\u00e1sico, \u201cnadie haga nada\u201d. De preferencia si usted tiene la necesidad de viajar a esa entidad, mejor no lo haga de noche porque el peligro es mayor. Es en serio, los delincuentes asaltan hasta 20 veh\u00edculos en una sola acci\u00f3n. Tenga cuidado.<\/p>\n\n\n\n<figure class=\"wp-block-image size-full\"><img loading=\"lazy\" decoding=\"async\" width=\"302\" height=\"238\" src=\"https:\/\/plazajuarez.mx\/historico\/historico\/wp-content\/uploads\/2022\/11\/ARCO-NORTE-PACHUCA-PUEBLA-UN-DESASTRE.-\u2013-El-Universal-.jpg\" alt=\"\" class=\"wp-image-237700\"\/><\/figure>\n\n\n\n<p><strong>Aviso para que no digan: Esta columna se nutre de comentarios recabados por agencias del Recontra-Espionaje, muy similares a las que populariz\u00f3 el \u201cS\u00faper Agente 86\u201d en sus tiempos. Como tal lo que publicamos puede que sea cierto, puede que no, o todo lo contrario. Est\u00e1 usted en libertad de creer o no lo que lee, recontra-enojarse, recontra- carcajearse y hasta recontra-recordarnos a nuestra jefecita (nosotros recontra-haremos lo propio). Avisado est\u00e1 usted.&nbsp;<\/strong><\/p>\n\n\n\n<p><strong>desexenterado@gmail.com @desexenterado&nbsp;<\/strong><\/p>\n","protected":false},"excerpt":{"rendered":"<p>HIDALGUENSES DESAPARECIDOS EN JALISCO. \u2013 La desaparici\u00f3n de nueve hidalguenses, que hab\u00edan acudido al estado de Jalisco para la venta de dos tractocamiones, y luego que otros tres acompa\u00f1antes lograron escapar y declarar que fueron integrantes del crimen organizado quienes \u201clevantaron\u201da sus paisanos, despu\u00e9s de robarles sus unidades, llev\u00f3 a sus familiares y vecinos de [&hellip;]<\/p>\n","protected":false},"author":93,"featured_media":234681,"comment_status":"closed","ping_status":"closed","sticky":false,"template":"","format":"standard","meta":{"footnotes":""},"categories":[83],"tags":[],"class_list":["post-237697","post","type-post","status-publish","format-standard","has-post-thumbnail","hentry","category-dese-por-enterado"],"_links":{"self":[{"href":"https:\/\/plazajuarez.mx\/historico\/wp-json\/wp\/v2\/posts\/237697","targetHints":{"allow":["GET"]}}],"collection":[{"href":"https:\/\/plazajuarez.mx\/historico\/wp-json\/wp\/v2\/posts"}],"about":[{"href":"https:\/\/plazajuarez.mx\/historico\/wp-json\/wp\/v2\/types\/post"}],"author":[{"embeddable":true,"href":"https:\/\/plazajuarez.mx\/historico\/wp-json\/wp\/v2\/users\/93"}],"replies":[{"embeddable":true,"href":"https:\/\/plazajuarez.mx\/historico\/wp-json\/wp\/v2\/comments?post=237697"}],"version-history":[{"count":0,"href":"https:\/\/plazajuarez.mx\/historico\/wp-json\/wp\/v2\/posts\/237697\/revisions"}],"wp:featuredmedia":[{"embeddable":true,"href":"https:\/\/plazajuarez.mx\/historico\/wp-json\/wp\/v2\/media\/234681"}],"wp:attachment":[{"href":"https:\/\/plazajuarez.mx\/historico\/wp-json\/wp\/v2\/media?parent=237697"}],"wp:term":[{"taxonomy":"category","embeddable":true,"href":"https:\/\/plazajuarez.mx\/historico\/wp-json\/wp\/v2\/categories?post=237697"},{"taxonomy":"post_tag","embeddable":true,"href":"https:\/\/plazajuarez.mx\/historico\/wp-json\/wp\/v2\/tags?post=237697"}],"curies":[{"name":"wp","href":"https:\/\/api.w.org\/{rel}","templated":true}]}}