{"id":23767,"date":"2016-06-28T12:18:36","date_gmt":"2016-06-28T12:18:36","guid":{"rendered":"http:\/\/plazajuarez.mx\/index\/index.php\/2016\/06\/28\/no-descarto-convertirme-otra-vez-en-preso-politico-alcalde-electo\/"},"modified":"2016-06-28T12:18:36","modified_gmt":"2016-06-28T12:18:36","slug":"no-descarto-convertirme-otra-vez-en-preso-politico-alcalde-electo","status":"publish","type":"post","link":"https:\/\/plazajuarez.mx\/historico\/no-descarto-convertirme-otra-vez-en-preso-politico-alcalde-electo\/","title":{"rendered":"\u201cNo descarto convertirme, otra vez en preso pol\u00edtico\u201d: Alcalde Electo"},"content":{"rendered":"<p style=\"text-align: justify;\">Atotonilco de Tula<\/p>\n<p>\u25cf\u00a0\u00a0\u00a0 Lo asegura Julio C\u00e9sar \u00c1ngeles Mendoza, \u201cpor defender la autonom\u00eda de mi municipio y los intereses de la ciudadan\u00eda\u201d<\/p>\n<p>Record\u00f3 que la primera vez que fue alcalde lo encarcelaron injustamente<\/p>\n<p>  <!--more-->  <\/p>\n<p style=\"text-align: justify;\">\u201cNo descarto convertirme una vez m\u00e1s en\u00a0 preso pol\u00edtico, por defender la autonom\u00eda de mi municipio y los intereses de la ciudadan\u00eda\u201d, expres\u00f3 Julio C\u00e9sar \u00c1ngeles Mendoza, presidente municipal electo, al recordar que en la primera ocasi\u00f3n que su pueblo le dio la oportunidad de ser edil el gobierno lo encarcel\u00f3 injustamente.<\/p>\n<p>\u00c1ngeles Mendoza agradeci\u00f3 a la gente de Atotonilco de Tula el haber votado por \u00e9l ahora bajo las siglas del Partido Encuentro Social. Anteriormente fue edil por el PVEM. <\/p>\n<p style=\"text-align: justify;\">Dijo sentirse doblemente comprometido de hacer bien las cosas para cambiar la imagen del pueblo que ama y en donde su gente merece un mejor nivel de vida.<\/p>\n<p>Julio C\u00e9sar \u00c1ngeles Mendoza es originario de la comunidad de Conejos Tercera Secci\u00f3n, y actualmente vecino de localidad de Progreso. Es el \u00faltimo de nueve hermanos, cinco hombres y cuatro mujeres, considera que desde ni\u00f1o siempre ha sido muy inquieto.<\/p>\n<p>Relata que creci\u00f3 sin la presencia de su padre y que quiz\u00e1 eso provoc\u00f3 que no se conforme con nada. Estudi\u00f3 la primaria en San Marcos en Tula, lo mismo que la secundaria en la Tollan; la preparatoria en la capital del pa\u00eds, y la universidad la comenz\u00f3 a estudiar en EE.UU.<\/p>\n<p>Recuerda que como parte de su preparaci\u00f3n universitaria ten\u00eda que realizar labor social, de ah\u00ed que regres\u00f3 a M\u00e9xico como misionero morm\u00f3n a Chihuahua y no olvida que cuando concluy\u00f3 esa tarea en 1995, se dio la devaluaci\u00f3n del peso con el presidente Carlos Salinas de Gortari, lo que le impidi\u00f3 regresar a EE.UU y se vio obligado a concluir su carrera en la UNITEC; y ya como profesionista, al dominar el ingl\u00e9s, pudo ingresar a laborar a General Motors donde trabaj\u00f3 durante 10 a\u00f1os como responsable de la automatizaci\u00f3n de las plantas. Continu\u00f3 su capacitaci\u00f3n en el IPADE en Costos, Finanzas, Toma de decisiones, entre otros.<\/p>\n<p>Sonriente acepta que es un hombre acelerado e impaciente y que eso le provoca que quiera resolver las cosas en cinco minutos, \u201cY que en esos mismos cinco minutos quisiera arreglar mi municipio\u201d.<br \/>Se considera una persona exigente que no se conforma con las cosas a la ligera y que eso lo llev\u00f3 a formar sus propias empresas en EE.UU, convirti\u00e9ndose en proveedor de maquinaria y refacciones de General Motors.<\/p>\n<p>Sobre su ingreso a la pol\u00edtica -hace una pausa y reflexiona- \u201cse debi\u00f3 a que quer\u00eda saber si las cosas se pod\u00edan hacer bien en M\u00e9xico y ahora s\u00e9 que s\u00ed se puede, pero para eso hay que tener car\u00e1cter, capacidad y decisi\u00f3n, para enfrentar retos y al mismo tiempo las miles de trabas con las que te topas o te ponen para que no cumplas los objetivos\u201d.<\/p>\n<p>Dijo que cuando fue alcalde tom\u00f3 decisiones dr\u00e1sticas y que eso le permiti\u00f3 construir un palacio municipal, carreteras de concreto, unidades deportivas y llevar agua a donde ten\u00edan d\u00e9cadas sin contar con el servicio, as\u00ed como red de drenaje y electrificaciones, por comentar algunas obras, pese a enfrentar a un cabildo chantajista, que no mostr\u00f3 inter\u00e9s por Atotonilco.\u00a0 <\/p>\n<p>Asegura que ahora llega con un equipo compacto que construy\u00f3 durante la campa\u00f1a y que eso les permiti\u00f3 enfrentar dos coaliciones fuertes como fue el PRD-PAN y PRI-PVEM-PANAL, mientras PES realiz\u00f3 una campa\u00f1a austera y limpia.<\/p>\n<p>Julio Mendoza, de profesi\u00f3n ingeniero, presume tener una familia unida y que as\u00ed lo demostr\u00f3 cuando tuvo que enfrentar la amarga experiencia de estar en la c\u00e1rcel no por robar como se le acus\u00f3, sino por desobediencia con el gobierno del estado al defender los intereses de su pueblo y la autonom\u00eda del municipio.<\/p>\n<p>Revela que fue una experiencia muy dura, pero que como todas las experiencias que ha tenido a lo largo de sus 44 a\u00f1os, ha tratado de sacar lo mejor, por lo que pudo darse cuenta de qui\u00e9nes eran sus verdaderos amigos y le sirvi\u00f3 para quitarse a mucha gente que nada m\u00e1s estaba con \u00e9l por un inter\u00e9s y que lo extorsionaban, sumado a que pudo poner los pies sobre la tierra. Asegura que esa experiencia le ayud\u00f3 a no tenerle miedo a las autoridades, ni al poder, \u201cEsa injusticia no me venci\u00f3\u2026 me fortaleci\u00f3\u201d.<\/p>\n<p>Reiter\u00f3: \u201cNo me robe nada, si me hubiera robado algo estar\u00eda en la c\u00e1rcel, mi problema no fue falta de honradez, fue falta de obediencia para con el gobierno del estado, el no acatar \u00f3rdenes que perjudicaban a mi pueblo y creo va seguir siendo\u201d.<\/p>\n<p>Se dijo satisfecho de defender los intereses de su gente porque para eso lo eligieron y que no necesit\u00f3 de asesores, guaruras, ni secretarios particulares y que en ese mismo entendido trabajar\u00e1 para construir un Atotonilco envidiable en el que los j\u00f3venes cumplan sus sue\u00f1os.<br \/>\u00a0<br \/>Finalmente, Julio C\u00e9sar \u00c1ngeles reconoci\u00f3 que tiene un compromiso muy grande con la gente que lo arrop\u00f3 y que cree en \u00e9l, \u201cEs por eso que es momento de corresponderles con trabajo como me ense\u00f1\u00f3 mi se\u00f1ora madre, Jacinta Mendoza L\u00f3pez\u201d. <\/p>\n","protected":false},"excerpt":{"rendered":"<p>Atotonilco de Tula \u25cf\u00a0\u00a0\u00a0 Lo asegura Julio C\u00e9sar \u00c1ngeles Mendoza, \u201cpor defender la autonom\u00eda de mi municipio y los intereses de la ciudadan\u00eda\u201d Record\u00f3 que la primera vez que fue alcalde lo encarcelaron injustamente<\/p>\n","protected":false},"author":93,"featured_media":0,"comment_status":"open","ping_status":"open","sticky":false,"template":"","format":"standard","meta":{"footnotes":""},"categories":[40],"tags":[],"class_list":["post-23767","post","type-post","status-publish","format-standard","hentry","category-region"],"_links":{"self":[{"href":"https:\/\/plazajuarez.mx\/historico\/wp-json\/wp\/v2\/posts\/23767","targetHints":{"allow":["GET"]}}],"collection":[{"href":"https:\/\/plazajuarez.mx\/historico\/wp-json\/wp\/v2\/posts"}],"about":[{"href":"https:\/\/plazajuarez.mx\/historico\/wp-json\/wp\/v2\/types\/post"}],"author":[{"embeddable":true,"href":"https:\/\/plazajuarez.mx\/historico\/wp-json\/wp\/v2\/users\/93"}],"replies":[{"embeddable":true,"href":"https:\/\/plazajuarez.mx\/historico\/wp-json\/wp\/v2\/comments?post=23767"}],"version-history":[{"count":0,"href":"https:\/\/plazajuarez.mx\/historico\/wp-json\/wp\/v2\/posts\/23767\/revisions"}],"wp:attachment":[{"href":"https:\/\/plazajuarez.mx\/historico\/wp-json\/wp\/v2\/media?parent=23767"}],"wp:term":[{"taxonomy":"category","embeddable":true,"href":"https:\/\/plazajuarez.mx\/historico\/wp-json\/wp\/v2\/categories?post=23767"},{"taxonomy":"post_tag","embeddable":true,"href":"https:\/\/plazajuarez.mx\/historico\/wp-json\/wp\/v2\/tags?post=23767"}],"curies":[{"name":"wp","href":"https:\/\/api.w.org\/{rel}","templated":true}]}}