{"id":237662,"date":"2022-11-09T14:17:49","date_gmt":"2022-11-09T20:17:49","guid":{"rendered":"https:\/\/plazajuarez.mx\/?p=237662"},"modified":"2022-11-09T14:17:54","modified_gmt":"2022-11-09T20:17:54","slug":"localizan_","status":"publish","type":"post","link":"https:\/\/plazajuarez.mx\/historico\/localizan_\/","title":{"rendered":"Localizan a hombre encobijado con huellas de tortura"},"content":{"rendered":"\n<p>La ma\u00f1ana de este mi\u00e9rcoles en el municipio de Tepetitl\u00e1n se localiz\u00f3 el cuerpo sin vida de un masculino que se encontraba encobijado, maniatado, con heridas por impacto de arma de fuego y con huellas de tortura.<\/p>\n\n\n\n<p>Fueron automovilistas que circulaban por la carretera Tula-Tepetitl\u00e1n a la altura de la cortina de la presa Endh\u00f3, precisamente por d\u00f3nde se localiza el vertedero del municipio antes descrito, se alerto v\u00eda telef\u00f3nica al 911 de emergencias sobre el macabro hallazgo.<\/p>\n\n\n\n<p>V\u00eda radio el aviso se hizo extensivo a las corporaciones policiacas de la regi\u00f3n, por lo que ha lugar en su calidad de primeros respondientes elementos de la Polic\u00eda Municipal corroboraron la veracidad de la alerta.<\/p>\n\n\n\n<p>En el reporte refirieron que se logr\u00f3 la localizaci\u00f3n de una persona sin signos vitales, del g\u00e9nero masculino, el cual portada vestimenta con playera gris, chamarra color negro, pantal\u00f3n de mezclilla y botas color caf\u00e9, cuyo cuerpo presentaba diversas lesiones as\u00ed como heridas producidas por proyectil de arma de fuego.<\/p>\n\n\n\n<p>Quedando a cargo del resguardo del lugar como primer respondiente la Polic\u00eda Municipal de Tepetitl\u00e1n, en espera de peritos de la Procuradur\u00eda General de Justicia de Hidalgo para el desarrollo de diligencias.<\/p>\n","protected":false},"excerpt":{"rendered":"<p>La ma\u00f1ana de este mi\u00e9rcoles en el municipio de Tepetitl\u00e1n se localiz\u00f3 el cuerpo sin vida de un masculino que se encontraba encobijado, maniatado, con heridas por impacto de arma de fuego y con huellas de tortura. Fueron automovilistas que circulaban por la carretera Tula-Tepetitl\u00e1n a la altura de la cortina de la presa Endh\u00f3, [&hellip;]<\/p>\n","protected":false},"author":93,"featured_media":237663,"comment_status":"closed","ping_status":"closed","sticky":false,"template":"","format":"standard","meta":{"footnotes":""},"categories":[37,15,2159],"tags":[],"class_list":["post-237662","post","type-post","status-publish","format-standard","has-post-thumbnail","hentry","category-barandilla","category-destacadas","category-noticias-de-hidalgo"],"_links":{"self":[{"href":"https:\/\/plazajuarez.mx\/historico\/wp-json\/wp\/v2\/posts\/237662","targetHints":{"allow":["GET"]}}],"collection":[{"href":"https:\/\/plazajuarez.mx\/historico\/wp-json\/wp\/v2\/posts"}],"about":[{"href":"https:\/\/plazajuarez.mx\/historico\/wp-json\/wp\/v2\/types\/post"}],"author":[{"embeddable":true,"href":"https:\/\/plazajuarez.mx\/historico\/wp-json\/wp\/v2\/users\/93"}],"replies":[{"embeddable":true,"href":"https:\/\/plazajuarez.mx\/historico\/wp-json\/wp\/v2\/comments?post=237662"}],"version-history":[{"count":0,"href":"https:\/\/plazajuarez.mx\/historico\/wp-json\/wp\/v2\/posts\/237662\/revisions"}],"wp:featuredmedia":[{"embeddable":true,"href":"https:\/\/plazajuarez.mx\/historico\/wp-json\/wp\/v2\/media\/237663"}],"wp:attachment":[{"href":"https:\/\/plazajuarez.mx\/historico\/wp-json\/wp\/v2\/media?parent=237662"}],"wp:term":[{"taxonomy":"category","embeddable":true,"href":"https:\/\/plazajuarez.mx\/historico\/wp-json\/wp\/v2\/categories?post=237662"},{"taxonomy":"post_tag","embeddable":true,"href":"https:\/\/plazajuarez.mx\/historico\/wp-json\/wp\/v2\/tags?post=237662"}],"curies":[{"name":"wp","href":"https:\/\/api.w.org\/{rel}","templated":true}]}}