{"id":237659,"date":"2022-11-09T14:09:26","date_gmt":"2022-11-09T20:09:26","guid":{"rendered":"https:\/\/plazajuarez.mx\/?p=237659"},"modified":"2022-11-09T14:09:32","modified_gmt":"2022-11-09T20:09:32","slug":"morelos_ariadna","status":"publish","type":"post","link":"https:\/\/plazajuarez.mx\/historico\/morelos_ariadna\/","title":{"rendered":"FGJE Morelos ya entreg\u00f3 carpeta de investigaci\u00f3n de Ariadna: GCDMX"},"content":{"rendered":"\n<p> La Jefa de Gobierno, Claudia Sheinbaum, inform\u00f3 que, la madrugada de este mi\u00e9rcoles fue entregada la carpeta de investigaci\u00f3n del caso de Ariadna Fernanda por la Fiscal\u00eda General de Justicia de Morelos a la Fiscal\u00eda de la Ciudad de M\u00e9xico.<\/p>\n\n\n\n<p>&#8220;Nos coment\u00f3 la fiscal\u00eda (Ernestina Godoy) que la entreg\u00f3 en la madrugada, que en la madrugada lo recibieron, y a penas van a revisarla. Todav\u00eda la fiscal no nos pod\u00eda comentar nada y adem\u00e1s hay que guardar el debido proceso para algunos temas&#8221;.<\/p>\n\n\n\n<p>En conferencia de prensa, Sheinbaum mencion\u00f3 que, lo anterior se debe a lo que dijo ayer d\u00f3nde cuestion\u00f3 que hasta el 13 de noviembre iba a ser entregada por la fiscal\u00eda estatal de Morelos, sin embargo, ya tomaron la decisi\u00f3n de entregarla.<\/p>\n\n\n\n<p>En ese sentido, la mandataria capitalina hizo un llamado al poder judicial y fiscales para que haya justicia, que no haya encubrimiento y corrupci\u00f3n en todos los casos, pero en particular en los feminicidios.<\/p>\n\n\n\n<p>&#8220;En la medida que se acaba&#8230;que no haya impunidad, que se acabe con la impunidad y que haya justicia en esa medida vamos a tener menos feminicidios. Es el llamado al poder judicial y a los fiscales, lo repito nuevamente&#8221;, indic\u00f3.<\/p>\n\n\n\n<p>&#8212;Fiscal de Morelos pidi\u00f3 que Sheinbaum matizara discurso<\/p>\n\n\n\n<p>La Jefa de Gobierno se\u00f1al\u00f3 que el d\u00eda que evidenci\u00f3 al fiscal de Morelos, Uriel Carmona, de encubrir el caso de Ariadna, \u00e9l llam\u00f3 a la fiscal Ernestina Godoy y le pidi\u00f3 si la mandataria pod\u00eda matizar su discurso.<\/p>\n\n\n\n<p>&#8220;Le habla por tel\u00e9fono a la licenciada Ernestina Godoy para hablar sobre el caso y entre otras cosas le dice que si no har\u00e1 manera de matizar a la Jefa de Gobierno, el lunes. \u00bfPor qu\u00e9 nos vamos a quedar callados? Yo sigo sosteniendo que quer\u00edan encubrir el feminicidio&#8221;.<\/p>\n\n\n\n<p>Sobre el caso de Lidia, qui\u00e9n se arroj\u00f3 de un taxi en movimiento por temor, la mandataria capitalina mencion\u00f3 que el caso va muy avanzado y que el due\u00f1o del veh\u00edculo ya est\u00e1 detenido as\u00ed como otra persona.<\/p>\n","protected":false},"excerpt":{"rendered":"<p>La Jefa de Gobierno, Claudia Sheinbaum, inform\u00f3 que, la madrugada de este mi\u00e9rcoles fue entregada la carpeta de investigaci\u00f3n del caso de Ariadna Fernanda por la Fiscal\u00eda General de Justicia de Morelos a la Fiscal\u00eda de la Ciudad de M\u00e9xico. &#8220;Nos coment\u00f3 la fiscal\u00eda (Ernestina Godoy) que la entreg\u00f3 en la madrugada, que en la [&hellip;]<\/p>\n","protected":false},"author":81,"featured_media":237660,"comment_status":"closed","ping_status":"closed","sticky":false,"template":"","format":"standard","meta":{"footnotes":""},"categories":[15,36],"tags":[],"class_list":["post-237659","post","type-post","status-publish","format-standard","has-post-thumbnail","hentry","category-destacadas","category-nacion"],"_links":{"self":[{"href":"https:\/\/plazajuarez.mx\/historico\/wp-json\/wp\/v2\/posts\/237659","targetHints":{"allow":["GET"]}}],"collection":[{"href":"https:\/\/plazajuarez.mx\/historico\/wp-json\/wp\/v2\/posts"}],"about":[{"href":"https:\/\/plazajuarez.mx\/historico\/wp-json\/wp\/v2\/types\/post"}],"author":[{"embeddable":true,"href":"https:\/\/plazajuarez.mx\/historico\/wp-json\/wp\/v2\/users\/81"}],"replies":[{"embeddable":true,"href":"https:\/\/plazajuarez.mx\/historico\/wp-json\/wp\/v2\/comments?post=237659"}],"version-history":[{"count":0,"href":"https:\/\/plazajuarez.mx\/historico\/wp-json\/wp\/v2\/posts\/237659\/revisions"}],"wp:featuredmedia":[{"embeddable":true,"href":"https:\/\/plazajuarez.mx\/historico\/wp-json\/wp\/v2\/media\/237660"}],"wp:attachment":[{"href":"https:\/\/plazajuarez.mx\/historico\/wp-json\/wp\/v2\/media?parent=237659"}],"wp:term":[{"taxonomy":"category","embeddable":true,"href":"https:\/\/plazajuarez.mx\/historico\/wp-json\/wp\/v2\/categories?post=237659"},{"taxonomy":"post_tag","embeddable":true,"href":"https:\/\/plazajuarez.mx\/historico\/wp-json\/wp\/v2\/tags?post=237659"}],"curies":[{"name":"wp","href":"https:\/\/api.w.org\/{rel}","templated":true}]}}