{"id":237653,"date":"2022-11-09T14:01:28","date_gmt":"2022-11-09T20:01:28","guid":{"rendered":"https:\/\/plazajuarez.mx\/?p=237653"},"modified":"2022-11-09T14:01:34","modified_gmt":"2022-11-09T20:01:34","slug":"belinda_","status":"publish","type":"post","link":"https:\/\/plazajuarez.mx\/historico\/belinda_\/","title":{"rendered":"Belinda recuerda a su abuela con mensaje en redes sociales"},"content":{"rendered":"\n<p>A poco menos de dos a\u00f1os de que la abuelita de Belinda, Juana Moreno, falleciera a los 88 a\u00f1os, la cantante la record\u00f3 con una fotograf\u00eda donde demuestra el gran amor que exist\u00eda entre ambas y, por el cual, la sigue teniendo presente todav\u00eda, pues, en su momento, indic\u00f3 que el 2021 \u2013a\u00f1o en que falleci\u00f3 su abuela- hab\u00eda sido el peor que hab\u00eda vivido.<\/p>\n\n\n\n<p>Belinda se encuentra en uno de los momentos m\u00e1s activos de su carrera, pues ha emprendido un tour en diferentes ciudades de nuestro pa\u00eds, aunado a su integraci\u00f3n a &#8220;Los 2000s pop tour&#8221;, luego de que Dulce Mar\u00eda, exintegrante de RBD, abandonara la gira producida por Ari Boroboy.<\/p>\n\n\n\n<p>Estos no son los \u00fanicos proyectos que Beli tiene en puerta, pues seguir\u00e1 ampliado su carrera dentro de la actuaci\u00f3n, ya que participar\u00e1 en la segunda temporada de &#8220;Bienvenidos al Ed\u00e9n&#8221;, serie en la que interpreta el papel de &#8220;\u00c1frica&#8221;, una influencer &#8220;impredecible&#8221; y &#8220;misteriosa&#8221;, seg\u00fan la describi\u00f3 la cantante en una entrevista para &#8220;Vogue&#8221;.<\/p>\n\n\n\n<p>Pero sin importar los compromisos laborales que ahora ocupan su agenda, la cantante de 33 a\u00f1os no olvida el amor a su familia, uno de los m\u00e1s fundamentales para Belinda, como ha expuesto en diferentes ocasiones, por eso, hace un par de d\u00edas la int\u00e9rprete de &#8220;\u00c1ngel&#8221; se tom\u00f3 por un momento para honrar la memoria de su abuela, Juana Moreno, quien falleci\u00f3 el 10 de febrero del 2021, con una emotiva publicaci\u00f3n.<\/p>\n\n\n\n<p>La cantante poste\u00f3 una fotograf\u00eda con su abuelita materna, en la que est\u00e1n d\u00e1ndose un efusivo abrazo, pues la expresi\u00f3n de sus rostros demuestra, a simple vista, el amor mutuo que profer\u00edan una por la otra. Acompa\u00f1a del retrato, Belinda escribi\u00f3 la frase: &#8220;Te extra\u00f1o todos los d\u00edas, abuelita m\u00eda, reina de mi coraz\u00f3n, por siempre&#8221;.<\/p>\n\n\n\n<p>Cabe recordar que hace un a\u00f1o, unos d\u00edas antes de que la abuelita de Belinda falleciera, la madre de la cantante, Belinda Sch\u00fcll, dio aviso a los medios de comunicaci\u00f3n de que do\u00f1a Juana se encontraba delicada de salud, lamentablemente, d\u00edas m\u00e1s tarde se dio a conocer que Moreno hab\u00eda perdido la vida.<\/p>\n\n\n\n<p>Y aunque Belinda despidi\u00f3 a su abuela por las redes sociales, la cantante no tuvo la oportunidad de despedirse de ella presencialmente, pues en ese momento se encontraba grabando una de las temporadas del reality show &#8220;La voz M\u00e9xico&#8221;, por lo que se vio impedida de viajar a Espa\u00f1a, regi\u00f3n de la cual era originaria su abuela para darle el \u00faltimo adi\u00f3s.<\/p>\n\n\n\n<p>&#8220;\u00a1Quiero verla y sentirla! \u00a1Es el peor a\u00f1o de mi vida este 2021, ojal\u00e1 que se acabe! \u00a1Quiero que se acabe esto! \u00a1No aguanto m\u00e1s!&#8221;, comparti\u00f3 la int\u00e9rprete de &#8220;Pobre ni\u00f1a nice&#8221;, mensaje por el que recibi\u00f3 cientos de muestras de apoyo.<\/p>\n\n\n\n<p>Adem\u00e1s, en ese tiempo, Beli le pidi\u00f3 a sus seguidores que le enviaran las fotograf\u00edas que tuvieran, en las que su abuelita apareciera, pues quer\u00eda recordarla y guardar todos los momentos posibles que vivi\u00f3 a su lado.<\/p>\n","protected":false},"excerpt":{"rendered":"<p>A poco menos de dos a\u00f1os de que la abuelita de Belinda, Juana Moreno, falleciera a los 88 a\u00f1os, la cantante la record\u00f3 con una fotograf\u00eda donde demuestra el gran amor que exist\u00eda entre ambas y, por el cual, la sigue teniendo presente todav\u00eda, pues, en su momento, indic\u00f3 que el 2021 \u2013a\u00f1o en que [&hellip;]<\/p>\n","protected":false},"author":81,"featured_media":237654,"comment_status":"closed","ping_status":"closed","sticky":false,"template":"","format":"standard","meta":{"footnotes":""},"categories":[38],"tags":[],"class_list":["post-237653","post","type-post","status-publish","format-standard","has-post-thumbnail","hentry","category-show"],"_links":{"self":[{"href":"https:\/\/plazajuarez.mx\/historico\/wp-json\/wp\/v2\/posts\/237653","targetHints":{"allow":["GET"]}}],"collection":[{"href":"https:\/\/plazajuarez.mx\/historico\/wp-json\/wp\/v2\/posts"}],"about":[{"href":"https:\/\/plazajuarez.mx\/historico\/wp-json\/wp\/v2\/types\/post"}],"author":[{"embeddable":true,"href":"https:\/\/plazajuarez.mx\/historico\/wp-json\/wp\/v2\/users\/81"}],"replies":[{"embeddable":true,"href":"https:\/\/plazajuarez.mx\/historico\/wp-json\/wp\/v2\/comments?post=237653"}],"version-history":[{"count":0,"href":"https:\/\/plazajuarez.mx\/historico\/wp-json\/wp\/v2\/posts\/237653\/revisions"}],"wp:featuredmedia":[{"embeddable":true,"href":"https:\/\/plazajuarez.mx\/historico\/wp-json\/wp\/v2\/media\/237654"}],"wp:attachment":[{"href":"https:\/\/plazajuarez.mx\/historico\/wp-json\/wp\/v2\/media?parent=237653"}],"wp:term":[{"taxonomy":"category","embeddable":true,"href":"https:\/\/plazajuarez.mx\/historico\/wp-json\/wp\/v2\/categories?post=237653"},{"taxonomy":"post_tag","embeddable":true,"href":"https:\/\/plazajuarez.mx\/historico\/wp-json\/wp\/v2\/tags?post=237653"}],"curies":[{"name":"wp","href":"https:\/\/api.w.org\/{rel}","templated":true}]}}