{"id":237650,"date":"2022-11-09T13:56:43","date_gmt":"2022-11-09T19:56:43","guid":{"rendered":"https:\/\/plazajuarez.mx\/?p=237650"},"modified":"2022-11-09T13:56:49","modified_gmt":"2022-11-09T19:56:49","slug":"viruela_simica","status":"publish","type":"post","link":"https:\/\/plazajuarez.mx\/historico\/viruela_simica\/","title":{"rendered":"Exhortan a implementen estrategias contra viruela s\u00edmica"},"content":{"rendered":"\n<p> La Federaci\u00f3n Mexicana de Organismos P\u00fablicos de Derechos Humanos (FMOPDH) hizo un llamado a las autoridades sanitarias de cada entidad federativa para focalizar estrategias de prevenci\u00f3n y atenci\u00f3n del virus que causa viruela s\u00edmica.<\/p>\n\n\n\n<p>Se\u00f1al\u00f3 que se debe dar seguimiento en la poblaci\u00f3n de hombres entre 30 y 39 a\u00f1os, ya que ese grupo concentra el 98% de las transmisiones.<\/p>\n\n\n\n<p>En un comunicado, la Federaci\u00f3n expuso que el pasado 23 de julio, la Organizaci\u00f3n Mundial de la Salud (OMS) emiti\u00f3 una Declaratoria de Emergencia de Salud P\u00fablica de Inter\u00e9s Internacional con motivo de la r\u00e1pida transmisi\u00f3n de ese virus, que ha provocado 76 mil 806 casos confirmados.<\/p>\n\n\n\n<p>En M\u00e9xico, el primer caso fue confirmado el 28 de mayo de este a\u00f1o, y al 24 de octubre, la Secretar\u00eda de Salud contaba con 2 mil 654 casos positivos, lo que coloca al pa\u00eds en el sexto lugar con mayor presencia del virus en el Continente Americano.<\/p>\n\n\n\n<p>La mayor\u00eda de esos casos se concentra en la Ciudad de M\u00e9xico, Jalisco, Estado de M\u00e9xico, Yucat\u00e1n y Quintana Roo.<\/p>\n\n\n\n<p>El pasado 5 de agosto, la Organizaci\u00f3n Panamericana de la Salud (OPS) insisti\u00f3 en que la estrategia frente a la epidemia debe estar centrada en cuatro elementos: atenci\u00f3n frente a la comunicaci\u00f3n de riesgos; participaci\u00f3n de las comunidades afectadas; detecci\u00f3n temprana, la vigilancia y tratamiento de los casos; y el seguimiento de los contactos.<\/p>\n\n\n\n<p>&#8212;Alertan por estigmatizaci\u00f3n y discriminaci\u00f3n a personas afectadas<\/p>\n\n\n\n<p>La FMOPDH alert\u00f3 a las autoridades locales a evitar tanto la estigmatizaci\u00f3n como la discriminaci\u00f3n hacia la poblaci\u00f3n m\u00e1s afectada por el virus.<\/p>\n\n\n\n<p>Respecto a la detecci\u00f3n temprana, tercer elemento abordado por la OPS, la Federaci\u00f3n observ\u00f3 oportuno una mayor participaci\u00f3n de las entidades federativas en la estrategia de detecci\u00f3n temprana del virus sin detrimento de la calidad de la prueba.<\/p>\n\n\n\n<p>Para ello, agreg\u00f3, es necesario que las autoridades generales de salubridad habiliten, en coordinaci\u00f3n con las autoridades locales, laboratorios p\u00fablicos que cumplan con los requisitos para el manejo de pruebas.<\/p>\n\n\n\n<p>En ese sentido, exhort\u00f3 a las instituciones locales de salud a que, en el marco de coordinaci\u00f3n, den a conocer a la poblaci\u00f3n las acciones que han emprendido para hacer posible tal descentralizaci\u00f3n.<\/p>\n\n\n\n<p>Esto es as\u00ed, puesto que, hasta el 6 de octubre, las pruebas estuvieron exclusivamente a cargo del Instituto de Diagn\u00f3stico y Referencia Epidemiol\u00f3gicos (InDRE), situado en la Ciudad de M\u00e9xico. Y a la fecha, solo se han habilitado cuatro laboratorios p\u00fablicos m\u00e1s en el pa\u00eds, autorizados para realizar la detecci\u00f3n.<\/p>\n\n\n\n<p>En lo que se refiere a la vacunaci\u00f3n, hizo un llamado a que la autoridad sanitaria en el pa\u00eds ampl\u00ede informaci\u00f3n sobre la decisi\u00f3n de apegarse o no a la resoluci\u00f3n de la OPS adoptada el 5 de agosto referente al acceso equitativo de la vacuna para las poblaciones en mayor riesgo.<\/p>\n\n\n\n<p>Tambi\u00e9n la FMOPDH reiter\u00f3 la importancia de abordar la epidemia por el virus de viruela s\u00edmica en M\u00e9xico como un asunto de gran inter\u00e9s p\u00fablico, &#8220;en el cual las autoridades locales de salubridad tienen una gran responsabilidad de detonar acciones de prevenci\u00f3n y atenci\u00f3n para la disminuci\u00f3n de las transmisiones en concordancia con la estrategia nacional que debe de priorizar el papel de las localidades y su participaci\u00f3n&#8221;.<\/p>\n","protected":false},"excerpt":{"rendered":"<p>La Federaci\u00f3n Mexicana de Organismos P\u00fablicos de Derechos Humanos (FMOPDH) hizo un llamado a las autoridades sanitarias de cada entidad federativa para focalizar estrategias de prevenci\u00f3n y atenci\u00f3n del virus que causa viruela s\u00edmica. Se\u00f1al\u00f3 que se debe dar seguimiento en la poblaci\u00f3n de hombres entre 30 y 39 a\u00f1os, ya que ese grupo concentra [&hellip;]<\/p>\n","protected":false},"author":81,"featured_media":237651,"comment_status":"closed","ping_status":"closed","sticky":false,"template":"","format":"standard","meta":{"footnotes":""},"categories":[36],"tags":[],"class_list":["post-237650","post","type-post","status-publish","format-standard","has-post-thumbnail","hentry","category-nacion"],"_links":{"self":[{"href":"https:\/\/plazajuarez.mx\/historico\/wp-json\/wp\/v2\/posts\/237650","targetHints":{"allow":["GET"]}}],"collection":[{"href":"https:\/\/plazajuarez.mx\/historico\/wp-json\/wp\/v2\/posts"}],"about":[{"href":"https:\/\/plazajuarez.mx\/historico\/wp-json\/wp\/v2\/types\/post"}],"author":[{"embeddable":true,"href":"https:\/\/plazajuarez.mx\/historico\/wp-json\/wp\/v2\/users\/81"}],"replies":[{"embeddable":true,"href":"https:\/\/plazajuarez.mx\/historico\/wp-json\/wp\/v2\/comments?post=237650"}],"version-history":[{"count":0,"href":"https:\/\/plazajuarez.mx\/historico\/wp-json\/wp\/v2\/posts\/237650\/revisions"}],"wp:featuredmedia":[{"embeddable":true,"href":"https:\/\/plazajuarez.mx\/historico\/wp-json\/wp\/v2\/media\/237651"}],"wp:attachment":[{"href":"https:\/\/plazajuarez.mx\/historico\/wp-json\/wp\/v2\/media?parent=237650"}],"wp:term":[{"taxonomy":"category","embeddable":true,"href":"https:\/\/plazajuarez.mx\/historico\/wp-json\/wp\/v2\/categories?post=237650"},{"taxonomy":"post_tag","embeddable":true,"href":"https:\/\/plazajuarez.mx\/historico\/wp-json\/wp\/v2\/tags?post=237650"}],"curies":[{"name":"wp","href":"https:\/\/api.w.org\/{rel}","templated":true}]}}