{"id":237644,"date":"2022-11-09T13:43:26","date_gmt":"2022-11-09T19:43:26","guid":{"rendered":"https:\/\/plazajuarez.mx\/?p=237644"},"modified":"2022-11-09T13:43:31","modified_gmt":"2022-11-09T19:43:31","slug":"shakira_-2","status":"publish","type":"post","link":"https:\/\/plazajuarez.mx\/historico\/shakira_-2\/","title":{"rendered":"Los detalles del acuerdo de custodia de Shakira y Piqu\u00e9"},"content":{"rendered":"\n<p>Esta semana tenemos que sumar un nuevo cap\u00edtulo a la telenovela de Shakira y Gerard Pique, ya que al parecer ambos habr\u00edan llegado a un acuerdo en cuanto a la custodia de sus hijos.<\/p>\n\n\n\n<p>La cantante colombiana y Gerard Piqu\u00e9 habr\u00edan acordado en las \u00faltimas horas que la int\u00e9rprete de &#8220;Monoton\u00eda&#8221; viva en Miami junto a Sasha y Milan. De esta forma los peque\u00f1os vivir\u00e1n con su madre 24\/7 y el ex jugador del Barcelona los visitar\u00e1 cuando quiera.<\/p>\n\n\n\n<p>Sin embargo esto no ocurrir\u00e1 pronto, ya que Shakira debe quedarse con sus hijos en Barcelona hasta enero del 2023, ya que la idea es que los peque\u00f1os pasen las fiestas de fin de a\u00f1o con Piqu\u00e9. Luego la cantante colombiana podr\u00e1 llev\u00e1rselos a Miami.<\/p>\n\n\n\n<p>Shakira lleva m\u00e1s de 8 a\u00f1os viviendo en Barcelona, ciudad donde nacieron sus dos hijos. De esta forma la cantante deber\u00e1 crear una nueva rutina para que sus hijos se sientan a gusto en la cuidad de los Estados Unidos.<\/p>\n\n\n\n<p>La idea de este acuerdo es proteger a Sasha y Milan de la prensa, ya que los peque\u00f1os han sufrido mucho estos meses por la exposici\u00f3n medi\u00e1tica que ha tenido la separaci\u00f3n de sus padres. &#8220;\u00c9l est\u00e1 de acuerdo y ha entendido perfectamente que viven en un mundo donde son acosados medi\u00e1ticamente, desde la puerta del colegio hasta con fot\u00f3grafos escondidos detr\u00e1s de las macetas&#8221;, revel\u00f3 una fuente cercana a Shakira y Piqu\u00e9.<\/p>\n\n\n\n<p>&#8220;\u00c9l ha convenido que por el bien de los ni\u00f1os es mejor que cambien de lugar de residencia y hagan su vida all\u00ed. Un juicio habr\u00eda sido desagradable, tenso, muy medi\u00e1tico&#8230; Gerard es una buena persona. Tiene car\u00e1cter, pero es buen tipo, un t\u00edo brillante. Las relaciones se desgastan, pero tanto \u00e9l como ella han sido muy sensibles para entender que por el bien de los ni\u00f1os inicien una nueva vida&#8221;, aseguran las mismas fuentes mencionadas anteriormente.<\/p>\n\n\n\n<p>Shakira y Gerard Piqu\u00e9 anunciaron su separaci\u00f3n en el mes de junio, y r\u00e1pidamente se lo vio al jugador de f\u00fatbol en pareja con Clara Ch\u00eda Piqu\u00e9, una joven de 23 a\u00f1os que trabaja en Kosmos, la empresa de Piqu\u00e9.<\/p>\n","protected":false},"excerpt":{"rendered":"<p>Esta semana tenemos que sumar un nuevo cap\u00edtulo a la telenovela de Shakira y Gerard Pique, ya que al parecer ambos habr\u00edan llegado a un acuerdo en cuanto a la custodia de sus hijos. La cantante colombiana y Gerard Piqu\u00e9 habr\u00edan acordado en las \u00faltimas horas que la int\u00e9rprete de &#8220;Monoton\u00eda&#8221; viva en Miami junto [&hellip;]<\/p>\n","protected":false},"author":81,"featured_media":237645,"comment_status":"closed","ping_status":"closed","sticky":false,"template":"","format":"standard","meta":{"footnotes":""},"categories":[38],"tags":[],"class_list":["post-237644","post","type-post","status-publish","format-standard","has-post-thumbnail","hentry","category-show"],"_links":{"self":[{"href":"https:\/\/plazajuarez.mx\/historico\/wp-json\/wp\/v2\/posts\/237644","targetHints":{"allow":["GET"]}}],"collection":[{"href":"https:\/\/plazajuarez.mx\/historico\/wp-json\/wp\/v2\/posts"}],"about":[{"href":"https:\/\/plazajuarez.mx\/historico\/wp-json\/wp\/v2\/types\/post"}],"author":[{"embeddable":true,"href":"https:\/\/plazajuarez.mx\/historico\/wp-json\/wp\/v2\/users\/81"}],"replies":[{"embeddable":true,"href":"https:\/\/plazajuarez.mx\/historico\/wp-json\/wp\/v2\/comments?post=237644"}],"version-history":[{"count":0,"href":"https:\/\/plazajuarez.mx\/historico\/wp-json\/wp\/v2\/posts\/237644\/revisions"}],"wp:featuredmedia":[{"embeddable":true,"href":"https:\/\/plazajuarez.mx\/historico\/wp-json\/wp\/v2\/media\/237645"}],"wp:attachment":[{"href":"https:\/\/plazajuarez.mx\/historico\/wp-json\/wp\/v2\/media?parent=237644"}],"wp:term":[{"taxonomy":"category","embeddable":true,"href":"https:\/\/plazajuarez.mx\/historico\/wp-json\/wp\/v2\/categories?post=237644"},{"taxonomy":"post_tag","embeddable":true,"href":"https:\/\/plazajuarez.mx\/historico\/wp-json\/wp\/v2\/tags?post=237644"}],"curies":[{"name":"wp","href":"https:\/\/api.w.org\/{rel}","templated":true}]}}