{"id":237555,"date":"2022-11-09T08:13:20","date_gmt":"2022-11-09T14:13:20","guid":{"rendered":"https:\/\/plazajuarez.mx\/?p=237555"},"modified":"2022-11-09T08:13:25","modified_gmt":"2022-11-09T14:13:25","slug":"se-celebrara-la-semana-de-la-mujer-mipyme","status":"publish","type":"post","link":"https:\/\/plazajuarez.mx\/historico\/se-celebrara-la-semana-de-la-mujer-mipyme\/","title":{"rendered":"Se celebrar\u00e1 la Semana de la Mujer MiPyME"},"content":{"rendered":"\n<p>M\u00e1s de cinco mil mujeres a nivel nacional, es la expectativa de participaci\u00f3n en la Semana de la Mujer MiPyME Hidalgo 2022, que se realizar\u00e1 de manera virtual del 14 al 18 de noviembre, con la finalidad de elevar la competitividad y profesionalismo de las mujeres.<\/p>\n\n\n\n<p>Lo anterior, luego que en cinco d\u00edas se llevar\u00e1n a cabo diversas actividades como mesas de&nbsp; mesas de trabajo y ponencias, para sumar a la reactivaci\u00f3n econ\u00f3mica del sector femenil.<\/p>\n\n\n\n<p>Cabe destacar que la expectativa de participaci\u00f3n es del mil mujeres por d\u00eda, adem\u00e1s de las mujeres que estar\u00e1n exponiendo y ofertando sus productos, tales como: artesan\u00edas, prendas de vestir, autopartes, as\u00ed como servicios del rubro de la construcci\u00f3n y metalmec\u00e1nica, mismos que estar\u00e1n vigentes hasta febrero de 2023.<\/p>\n\n\n\n<p>Al respecto, Adriana Flores Valencia, presidenta de la Asociaci\u00f3n Mexicana de Mujeres Empresarias (AMEXME) cap\u00edtulo Hidalgo, se\u00f1al\u00f3 que estas iniciativas son un ejemplo de poder convocar a mujeres buscadoras de \u00e9xito para las familias.<\/p>\n\n\n\n<p>Dijo: \u201cnuestra visi\u00f3n en conjunto es impulsar el crecimiento de las empresas de todas las mujeres interesadas en emprender o que tengan empresa, nuestra filosof\u00eda est\u00e1 basada en la capacitaci\u00f3n para lograr mejores pr\u00e1cticas de trabajo\u201d.<\/p>\n\n\n\n<p>Agreg\u00f3: \u201ceste evento tiene todo lo que las mujeres buscamos, empoderamiento y comercio digital, elementos que son de mucha utilidad para todas\u201d.<\/p>\n\n\n\n<p>En tanto, dentro de las ponencias magistrales se encuentra la presentaci\u00f3n de&nbsp; Monika Tapia, Beatriz Eugenia Robles, Gabriela Miltri, Sof\u00eda P\u00e9rez Gasque, Daniela Rodr\u00edguez, Anah\u00ed Aguilar y Dulce Olgu\u00edn.<\/p>\n","protected":false},"excerpt":{"rendered":"<p>M\u00e1s de cinco mil mujeres a nivel nacional, es la expectativa de participaci\u00f3n en la Semana de la Mujer MiPyME Hidalgo 2022, que se realizar\u00e1 de manera virtual del 14 al 18 de noviembre, con la finalidad de elevar la competitividad y profesionalismo de las mujeres. Lo anterior, luego que en cinco d\u00edas se llevar\u00e1n [&hellip;]<\/p>\n","protected":false},"author":73,"featured_media":237556,"comment_status":"closed","ping_status":"closed","sticky":false,"template":"","format":"standard","meta":{"footnotes":""},"categories":[59,2159],"tags":[],"class_list":["post-237555","post","type-post","status-publish","format-standard","has-post-thumbnail","hentry","category-general","category-noticias-de-hidalgo"],"_links":{"self":[{"href":"https:\/\/plazajuarez.mx\/historico\/wp-json\/wp\/v2\/posts\/237555","targetHints":{"allow":["GET"]}}],"collection":[{"href":"https:\/\/plazajuarez.mx\/historico\/wp-json\/wp\/v2\/posts"}],"about":[{"href":"https:\/\/plazajuarez.mx\/historico\/wp-json\/wp\/v2\/types\/post"}],"author":[{"embeddable":true,"href":"https:\/\/plazajuarez.mx\/historico\/wp-json\/wp\/v2\/users\/73"}],"replies":[{"embeddable":true,"href":"https:\/\/plazajuarez.mx\/historico\/wp-json\/wp\/v2\/comments?post=237555"}],"version-history":[{"count":0,"href":"https:\/\/plazajuarez.mx\/historico\/wp-json\/wp\/v2\/posts\/237555\/revisions"}],"wp:featuredmedia":[{"embeddable":true,"href":"https:\/\/plazajuarez.mx\/historico\/wp-json\/wp\/v2\/media\/237556"}],"wp:attachment":[{"href":"https:\/\/plazajuarez.mx\/historico\/wp-json\/wp\/v2\/media?parent=237555"}],"wp:term":[{"taxonomy":"category","embeddable":true,"href":"https:\/\/plazajuarez.mx\/historico\/wp-json\/wp\/v2\/categories?post=237555"},{"taxonomy":"post_tag","embeddable":true,"href":"https:\/\/plazajuarez.mx\/historico\/wp-json\/wp\/v2\/tags?post=237555"}],"curies":[{"name":"wp","href":"https:\/\/api.w.org\/{rel}","templated":true}]}}