{"id":237553,"date":"2022-11-09T08:12:03","date_gmt":"2022-11-09T14:12:03","guid":{"rendered":"https:\/\/plazajuarez.mx\/?p=237553"},"modified":"2022-11-09T08:12:09","modified_gmt":"2022-11-09T14:12:09","slug":"el-discurso-de-jesus-reyes-heroles-en-1972-frecuentemente-en-politica-la-forma-es-fondo","status":"publish","type":"post","link":"https:\/\/plazajuarez.mx\/historico\/el-discurso-de-jesus-reyes-heroles-en-1972-frecuentemente-en-politica-la-forma-es-fondo\/","title":{"rendered":"El discurso de Jes\u00fas Reyes Heroles en 1972: Frecuentemente en pol\u00edtica, la forma es fondo"},"content":{"rendered":"\n<h2 class=\"wp-block-heading\"><em>RETRATOS HABLADOS<\/em><\/h2>\n\n\n\n<p>El 21 de febrero de 1972, Jes\u00fas Reyes Heroles, asumi\u00f3 la presidencia nacional del PRI. Por muchas razones, pero por su riqueza en conceptos, en lo que son una verdadera gu\u00eda de lo que es el ejercicio de la pol\u00edtica, le reproduzco partes medulares del discurso pronunciado por el ide\u00f3logo m\u00e1s importante que tuvo el tricolor en el M\u00e9xico contempor\u00e1neo. Le sugiero que lo observe bajo los ojos del presente.<\/p>\n\n\n\n<p>\u201cContamos con instituciones que en su vigencia, lejos de ser valladar para los cambios, los promueven. <strong>Defenderemos celosamente las instituciones nacionales, pues con ellas podemos cambiar cuanto sea necesario cambiar, y conservar lo que debemos conservar. <\/strong>Con ellas, coincidiendo en lo fundamental-la subsistencia de la naci\u00f3n y la convivencia pac\u00edfica de los mexicanos-, cualquier ciudadano puede, mediante el convencimiento y la persuasi\u00f3n, pugnar por la sociedad que desee, por el futuro a que aspire. Coincidiendo en lo fundamental, podemos discutir y hasta cuestionar todo lo dem\u00e1s y darle distintas opciones a quien tiene que decidir: el pueblo. <strong>Con las instituciones, todo, incluso su cambio; contra ellas, nada<\/strong>.<\/p>\n\n\n\n<p>\u201cLa lucha cultural se impone, dado que sabemos que las ideolog\u00edas perduran mucho tiempo despu\u00e9s de que desaparece la realidad de que surgieron o a que dieron lugar; porque sabemos que las nuevas ideolog\u00edas empiezan a regir fragmentariamente antes de su triunfo total, combatiendo las viejas y preparando las conciencias para llegar, con tenacidad y paciencia, a orientar las conductas o comportamientos. No estar conscientes de esto es caer en la vaciedad de quienes creen en los bruscos cortes, en las rupturas hist\u00f3ricas, que la historia misma desmiente y que \u00fanicamente existen en la fantas\u00eda. Lucha cultural persistente, que debe inspirarse en un realismo imaginativo y en la tenacidad y la pasi\u00f3n, que ayuden a alcanzar lo que parece sue\u00f1o.<\/p>\n\n\n\n<p><strong>\u201cRecordemos que la teor\u00eda absoluta -y los absolutos son peligrosos- la teor\u00eda sin pr\u00e1ctica, puede llevar a la esterilidad; pero la pr\u00e1ctica absoluta, sin teor\u00eda, puede llevar a la barbarie. Nuestro Partido est\u00e1 capacitando a sus miembros. Nuestro prop\u00f3sito es capacitar cada vez m\u00e1s miembros y cada vez mejor.<\/strong><\/p>\n\n\n\n<p>\u201cHagamos m\u00e1s, mucha m\u00e1s pol\u00edtica; hagamos mejor pol\u00edtica y acabemos con la politiquer\u00eda. La aut\u00e9ntica y verdadera expectativa del progreso democr\u00e1tico est\u00e1 dentro de nuestro Partido. Tenemos que elevar la contienda interna, ocupamos de las ideas, alzar la mira: que todos los militantes que aspiren a las candidaturas luchen ante la base, convenzan a sus compa\u00f1eros de partido, obtengan adhesiones por su conducta y su modo de pensar y se olviden de las antesalas y de los corredores en las oficinas de funcionarios o dirigentes. Soluciones en la base y con ella, no arreglos desde la c\u00fapula.<\/p>\n\n\n\n<p>\u201cNo creo en los que dicen no tener ambiciones. La ambici\u00f3n leg\u00edtima de hacer y de ser son m\u00f3viles muy eficaces, y ojal\u00e1 estemos llenos de ambiciosos que quieran ser y hacer. La ambici\u00f3n de parecer, de simular, es una ambici\u00f3n de quinta categor\u00eda. Aquellos que crean en las ideas que exponen, que digan lo que piensen y que piensen lo que digan, que sean vehementes en su exposici\u00f3n y sinceros hasta el reconocimiento del error, pueden llegar muy lejos en el servicio al pa\u00eds.<\/p>\n\n\n\n<p><strong>\u201cPuerta abierta para que ingresen quienes tengan algo que aportar; puerta abierta para que se vayan los oportunistas, mal que sufre cualquier partido en el poder. Padecemos infiltraci\u00f3n; pero \u00e9sta no es tan grande que pueda dar origen a la escisi\u00f3n. Distinto ser\u00eda si la dej\u00e1ramos aumentar. Por consiguiente, depurar puede garantizar la pujanza y la verdadera unidad revolucionaria para el presente y el futuro.<\/strong><\/p>\n\n\n\n<p>\u201cTan malos como los reaccionarios son aquellos que, siendo de origen revolucionario, se han petrificado en sus ideas y han perdido toda pasi\u00f3n por la actividad, riesgosa pero creadora, de la pol\u00edtica.<\/p>\n\n\n\n<p>\u201cRespeto para quienes, pensando distinto a nosotros, a trav\u00e9s de partidos pol\u00edticos, tratan de disputar la confianza del pueblo; respeto tambi\u00e9n para aquellos que, pensando distinto a nosotros, no han querido o no han podido organizarse en partidos pol\u00edticos. Rechazamos, por principio, la infalibilidad doctrinal o electoral. <strong>La urbanidad en las relaciones pol\u00edticas es requisito para la convivencia pac\u00edfica. Seremos inflexibles en la defensa de las ideas, pero respetuosos en las formas, pues en pol\u00edtica, frecuentemente, la forma es fondo.<\/strong><\/p>\n\n\n\n<p>\u201cVamos a hacer pol\u00edtica. La pol\u00edtica -&#8220;dif\u00edcil pero preciosa&#8221; &#8211; abarca muchas cosas, pero si en algo hay consenso, \u00e9ste consiste en que es educaci\u00f3n, empezando por la propia y la autoeducaci\u00f3n colectiva. Hagamos, pues, pol\u00edtica en todas partes: en el hogar, en el ejido, en la f\u00e1brica, en las escuelas, en los municipios, en los clubes y asociaciones; pol\u00edtica en todas partes y a todas horas\u201d.<\/p>\n\n\n\n<p><strong>Mil gracias, hasta ma\u00f1ana.<\/strong><\/p>\n\n\n\n<p><a href=\"mailto:jeperalta@plazajuarez.mx\/historico\/historico\">jeperalta@plazajuarez.mx\/historico\/historico<\/a><\/p>\n\n\n\n<p>@JavierEPeralta<\/p>\n","protected":false},"excerpt":{"rendered":"<p>RETRATOS HABLADOS El 21 de febrero de 1972, Jes\u00fas Reyes Heroles, asumi\u00f3 la presidencia nacional del PRI. Por muchas razones, pero por su riqueza en conceptos, en lo que son una verdadera gu\u00eda de lo que es el ejercicio de la pol\u00edtica, le reproduzco partes medulares del discurso pronunciado por el ide\u00f3logo m\u00e1s importante que [&hellip;]<\/p>\n","protected":false},"author":10,"featured_media":234662,"comment_status":"closed","ping_status":"closed","sticky":false,"template":"","format":"standard","meta":{"footnotes":""},"categories":[49,42],"tags":[],"class_list":["post-237553","post","type-post","status-publish","format-standard","has-post-thumbnail","hentry","category-javier-peralta","category-nuestrapalabra"],"_links":{"self":[{"href":"https:\/\/plazajuarez.mx\/historico\/wp-json\/wp\/v2\/posts\/237553","targetHints":{"allow":["GET"]}}],"collection":[{"href":"https:\/\/plazajuarez.mx\/historico\/wp-json\/wp\/v2\/posts"}],"about":[{"href":"https:\/\/plazajuarez.mx\/historico\/wp-json\/wp\/v2\/types\/post"}],"author":[{"embeddable":true,"href":"https:\/\/plazajuarez.mx\/historico\/wp-json\/wp\/v2\/users\/10"}],"replies":[{"embeddable":true,"href":"https:\/\/plazajuarez.mx\/historico\/wp-json\/wp\/v2\/comments?post=237553"}],"version-history":[{"count":0,"href":"https:\/\/plazajuarez.mx\/historico\/wp-json\/wp\/v2\/posts\/237553\/revisions"}],"wp:featuredmedia":[{"embeddable":true,"href":"https:\/\/plazajuarez.mx\/historico\/wp-json\/wp\/v2\/media\/234662"}],"wp:attachment":[{"href":"https:\/\/plazajuarez.mx\/historico\/wp-json\/wp\/v2\/media?parent=237553"}],"wp:term":[{"taxonomy":"category","embeddable":true,"href":"https:\/\/plazajuarez.mx\/historico\/wp-json\/wp\/v2\/categories?post=237553"},{"taxonomy":"post_tag","embeddable":true,"href":"https:\/\/plazajuarez.mx\/historico\/wp-json\/wp\/v2\/tags?post=237553"}],"curies":[{"name":"wp","href":"https:\/\/api.w.org\/{rel}","templated":true}]}}