{"id":237551,"date":"2022-11-09T08:10:03","date_gmt":"2022-11-09T14:10:03","guid":{"rendered":"https:\/\/plazajuarez.mx\/?p=237551"},"modified":"2022-11-09T08:10:09","modified_gmt":"2022-11-09T14:10:09","slug":"hidalgo-pobre-pobre-hidalgo","status":"publish","type":"post","link":"https:\/\/plazajuarez.mx\/historico\/hidalgo-pobre-pobre-hidalgo\/","title":{"rendered":"HIDALGO POBRE \u00a1POBRE HIDALGO!"},"content":{"rendered":"\n<h2 class=\"wp-block-heading\"><em>ALFIL NEGRO<\/em><\/h2>\n\n\n\n<p>Hidalgo es un estado muy rico en recursos naturales como bosques, agua, r\u00edos, minas, sitios tur\u00edsticos, caf\u00e9, frutas y un largo etc\u00e9tera que nos deber\u00eda dar como resultado un estado rico, entre otras cosas por tener a menos de una hora el mercado m\u00e1s grande de Am\u00e9rica Latina como es la Ciudad de M\u00e9xico y en general el Valle del mismo nombre.<\/p>\n\n\n\n<p>Y sin embargo no es as\u00ed.<\/p>\n\n\n\n<p>Somos un estado pobre, con datos del Consejo Nacional de Evaluaci\u00f3n de la Pol\u00edtica de Desarrollo Social, CONEVAL, que nos dice que el 8.1 por ciento de la poblaci\u00f3n vive en POBREZA EXTREMA, o lo que es lo mismo no tener recursos ni para poder adquirir lo b\u00e1sico para vivir en satisfactores como alimentos, educaci\u00f3n, salud comida y vivienda entre otros.<\/p>\n\n\n\n<p>Dif\u00edcil de creer porque tenemos con qu\u00e9 ser una entidad rica y con habitantes que no tengan problemas para vivir bien.<\/p>\n\n\n\n<p>\u00bfQu\u00e9 pasa entonces? \u00bfPor qu\u00e9 somos un estado pobre y con muchos en pobreza extrema, que en pocas palabras es lo mismo que decir que no tienen ni para vivir?<\/p>\n\n\n\n<p>Se pueden decir muchas cosas, pero siempre vamos a terminar en que no se han logrado instrumentar pol\u00edticas p\u00fablicas que den caminos de salida a las carencias en el desarrollo del estado, y que por el contrario se ha atendido el problema de manera parcial y muchas veces sin darle continuidad en los cambios de mando, lo que atrasa las soluciones de muchas maneras.<\/p>\n\n\n\n<p>Por esto es buena la firma de un convenio entre el gobierno de JULIO MENCHACA y el CONEVAL, a fin de profesionalizar al estado en el monitoreo y procesos de evaluaci\u00f3n de los programas estatales para combatir la pobreza.<\/p>\n\n\n\n<p>La firma de este convenio lo hicieron el gobernador MENCHACA y el Secretario Ejecutivo del CONEVAL JOS\u00c9 NABOR CRUZ MARCELO, en reciente visita que el funcionario federal hizo a nuestro estado.<\/p>\n\n\n\n<p>Esto es bueno, porque como dijo el gobernador: \u201cLO QUE SE PUEDE MEDIR SE PUEDE MEJORAR\u201d, que equivale a se\u00f1alar que cuando se sabe d\u00f3nde se est\u00e1 parado y se aceptan carencias y logros, se puede planear el futuro con \u00e9xito porque se sabe de d\u00f3nde se inicia y hacia d\u00f3nde se va.<\/p>\n\n\n\n<p>Puede ser el sendero para que municipios como XOCHIATIPAN, HUAZALINGO, TEPEHUAC\u00c1N, ACAXOCHITL\u00c1N\u2026 de los m\u00e1s pobres del estado, encuentren por fin caminos de superaci\u00f3n reales.<\/p>\n\n\n\n<p>Veremos ahora por d\u00f3nde y c\u00f3mo se avanza en este terreno de la pobreza.<\/p>\n\n\n\n<p><strong>Mientras tanto\u2026 HIDALGO POBRE, \u00a1POBRE HIDALGO!<\/strong><\/p>\n","protected":false},"excerpt":{"rendered":"<p>ALFIL NEGRO Hidalgo es un estado muy rico en recursos naturales como bosques, agua, r\u00edos, minas, sitios tur\u00edsticos, caf\u00e9, frutas y un largo etc\u00e9tera que nos deber\u00eda dar como resultado un estado rico, entre otras cosas por tener a menos de una hora el mercado m\u00e1s grande de Am\u00e9rica Latina como es la Ciudad de [&hellip;]<\/p>\n","protected":false},"author":83,"featured_media":234680,"comment_status":"closed","ping_status":"closed","sticky":false,"template":"","format":"standard","meta":{"footnotes":""},"categories":[48,42],"tags":[],"class_list":["post-237551","post","type-post","status-publish","format-standard","has-post-thumbnail","hentry","category-adalberto-peralta","category-nuestrapalabra"],"_links":{"self":[{"href":"https:\/\/plazajuarez.mx\/historico\/wp-json\/wp\/v2\/posts\/237551","targetHints":{"allow":["GET"]}}],"collection":[{"href":"https:\/\/plazajuarez.mx\/historico\/wp-json\/wp\/v2\/posts"}],"about":[{"href":"https:\/\/plazajuarez.mx\/historico\/wp-json\/wp\/v2\/types\/post"}],"author":[{"embeddable":true,"href":"https:\/\/plazajuarez.mx\/historico\/wp-json\/wp\/v2\/users\/83"}],"replies":[{"embeddable":true,"href":"https:\/\/plazajuarez.mx\/historico\/wp-json\/wp\/v2\/comments?post=237551"}],"version-history":[{"count":0,"href":"https:\/\/plazajuarez.mx\/historico\/wp-json\/wp\/v2\/posts\/237551\/revisions"}],"wp:featuredmedia":[{"embeddable":true,"href":"https:\/\/plazajuarez.mx\/historico\/wp-json\/wp\/v2\/media\/234680"}],"wp:attachment":[{"href":"https:\/\/plazajuarez.mx\/historico\/wp-json\/wp\/v2\/media?parent=237551"}],"wp:term":[{"taxonomy":"category","embeddable":true,"href":"https:\/\/plazajuarez.mx\/historico\/wp-json\/wp\/v2\/categories?post=237551"},{"taxonomy":"post_tag","embeddable":true,"href":"https:\/\/plazajuarez.mx\/historico\/wp-json\/wp\/v2\/tags?post=237551"}],"curies":[{"name":"wp","href":"https:\/\/api.w.org\/{rel}","templated":true}]}}