{"id":237545,"date":"2022-11-09T08:06:37","date_gmt":"2022-11-09T14:06:37","guid":{"rendered":"https:\/\/plazajuarez.mx\/?p=237545"},"modified":"2022-11-09T08:06:44","modified_gmt":"2022-11-09T14:06:44","slug":"dese-por-enterado-1050","status":"publish","type":"post","link":"https:\/\/plazajuarez.mx\/historico\/dese-por-enterado-1050\/","title":{"rendered":"DESE POR ENTERADO"},"content":{"rendered":"\n<p class=\"wp-block-paragraph\"><strong>CRIMEN ORGANIZADO EN HIDALGO<\/strong>. \u2013 Por supuesto que el primer paso para solucionar un problema es reconocer que existe. Y en ese sentido, aceptar que hay tres c\u00e1rteles del crimen organizado que operan en tierras hidalguenses, es sano, porque negarlo una y mil veces solo complica m\u00e1s la situaci\u00f3n. El gobernador <strong>Julio Menchaca Salazar<\/strong>, hace bien en se\u00f1alar esa situaci\u00f3n, para de ah\u00ed dar paso a un plan bien estructurado, serio y que permita el combate real a la delincuencia organizada, con un aparato de seguridad bien organizado tambi\u00e9n, que entienda que con pura buena voluntad no se solucionan los problemas. Y si hay muertos, sea porque hay pelea por disputa de territorios, o lo que sea, y de pil\u00f3n da\u00f1os \u201ccolaterales\u201d, lo que la ciudadan\u00eda espera es la respuesta a esta situaci\u00f3n ya aceptada, y por lo tanto a ser combatida con todo.<\/p>\n\n\n\n<figure class=\"wp-block-image size-full\"><img loading=\"lazy\" decoding=\"async\" width=\"1024\" height=\"683\" src=\"https:\/\/plazajuarez.mx\/historico\/historico\/wp-content\/uploads\/2022\/11\/CRIMEN-ORGANIZADO-EN-HIDALGO.-\u2013-Archivo-.jpg\" alt=\"\" class=\"wp-image-237546\" srcset=\"https:\/\/plazajuarez.mx\/historico\/wp-content\/uploads\/2022\/11\/CRIMEN-ORGANIZADO-EN-HIDALGO.-\u2013-Archivo-.jpg 1024w, https:\/\/plazajuarez.mx\/historico\/wp-content\/uploads\/2022\/11\/CRIMEN-ORGANIZADO-EN-HIDALGO.-\u2013-Archivo--768x512.jpg 768w, https:\/\/plazajuarez.mx\/historico\/wp-content\/uploads\/2022\/11\/CRIMEN-ORGANIZADO-EN-HIDALGO.-\u2013-Archivo--274x183.jpg 274w, https:\/\/plazajuarez.mx\/historico\/wp-content\/uploads\/2022\/11\/CRIMEN-ORGANIZADO-EN-HIDALGO.-\u2013-Archivo--80x54.jpg 80w, https:\/\/plazajuarez.mx\/historico\/wp-content\/uploads\/2022\/11\/CRIMEN-ORGANIZADO-EN-HIDALGO.-\u2013-Archivo--130x87.jpg 130w, https:\/\/plazajuarez.mx\/historico\/wp-content\/uploads\/2022\/11\/CRIMEN-ORGANIZADO-EN-HIDALGO.-\u2013-Archivo--359x240.jpg 359w, https:\/\/plazajuarez.mx\/historico\/wp-content\/uploads\/2022\/11\/CRIMEN-ORGANIZADO-EN-HIDALGO.-\u2013-Archivo--85x57.jpg 85w, https:\/\/plazajuarez.mx\/historico\/wp-content\/uploads\/2022\/11\/CRIMEN-ORGANIZADO-EN-HIDALGO.-\u2013-Archivo--546x365.jpg 546w, https:\/\/plazajuarez.mx\/historico\/wp-content\/uploads\/2022\/11\/CRIMEN-ORGANIZADO-EN-HIDALGO.-\u2013-Archivo--165x109.jpg 165w, https:\/\/plazajuarez.mx\/historico\/wp-content\/uploads\/2022\/11\/CRIMEN-ORGANIZADO-EN-HIDALGO.-\u2013-Archivo--112x75.jpg 112w, https:\/\/plazajuarez.mx\/historico\/wp-content\/uploads\/2022\/11\/CRIMEN-ORGANIZADO-EN-HIDALGO.-\u2013-Archivo--179x120.jpg 179w, https:\/\/plazajuarez.mx\/historico\/wp-content\/uploads\/2022\/11\/CRIMEN-ORGANIZADO-EN-HIDALGO.-\u2013-Archivo--170x113.jpg 170w, https:\/\/plazajuarez.mx\/historico\/wp-content\/uploads\/2022\/11\/CRIMEN-ORGANIZADO-EN-HIDALGO.-\u2013-Archivo--81x55.jpg 81w, https:\/\/plazajuarez.mx\/historico\/wp-content\/uploads\/2022\/11\/CRIMEN-ORGANIZADO-EN-HIDALGO.-\u2013-Archivo--765x510.jpg 765w\" sizes=\"auto, (max-width: 1024px) 100vw, 1024px\" \/><\/figure>\n\n\n\n<p class=\"wp-block-paragraph\"><strong>BLOQUEAN CUENTAS DEL IMPERIO PACHUQUE\u00d1O<\/strong>. \u2013 Con todo y que ganaron el campeonato de f\u00fatbol, los de la Promotora del Club Pachuca, ahora s\u00ed saben lo que es amar a Dios en tierra ajena. Sucede que ante la sospecha de que no cumplen muy bien que digamos con sus obligaciones fiscales, fueron bloqueadas nueve de sus cuentas bancarias. Es decir que bien puede ser que no paguen como debe ser sus impuestos, o que de plano ni lo hagan, como ese otro inocente due\u00f1o de TV Azteca, que vende en Elektra productos en pagos chiquitos para que se endeude toda la familia y sus descendientes, a los que adem\u00e1s les mienta su madrecita si le reclaman algo en Twitter. Ahora s\u00ed que los <strong>Mart\u00ednez y los Fassis<\/strong>, prueban una cucharada de su propio chocolate, acostumbrados a hacer lo que les ven\u00eda en gana.<\/p>\n\n\n\n<figure class=\"wp-block-image size-full\"><img loading=\"lazy\" decoding=\"async\" width=\"1080\" height=\"1080\" src=\"https:\/\/plazajuarez.mx\/historico\/historico\/wp-content\/uploads\/2022\/11\/BLOQUEAN-CUENTAS-DEL-IMPERIO-PACHUQUEN\u0303O.-\u2013-Especial-.jpg\" alt=\"\" class=\"wp-image-237547\" srcset=\"https:\/\/plazajuarez.mx\/historico\/wp-content\/uploads\/2022\/11\/BLOQUEAN-CUENTAS-DEL-IMPERIO-PACHUQUEN\u0303O.-\u2013-Especial-.jpg 1080w, https:\/\/plazajuarez.mx\/historico\/wp-content\/uploads\/2022\/11\/BLOQUEAN-CUENTAS-DEL-IMPERIO-PACHUQUEN\u0303O.-\u2013-Especial--768x768.jpg 768w, https:\/\/plazajuarez.mx\/historico\/wp-content\/uploads\/2022\/11\/BLOQUEAN-CUENTAS-DEL-IMPERIO-PACHUQUEN\u0303O.-\u2013-Especial--36x36.jpg 36w\" sizes=\"auto, (max-width: 1080px) 100vw, 1080px\" \/><\/figure>\n\n\n\n<p class=\"wp-block-paragraph\"><strong>OTRA DE HUACHICOLEROS EN TULA<\/strong>. \u2013 Elementos de la Guardia Nacional fueron apaleados en la comunidad de San Lucas Teocalco, en Tula de Allende, por pac\u00edficos pobladores (algunos mal pensados dicen que se dedican al huachicoleo, pero nadie les cree), quienes al grito de, \u201cd\u00e9jenos trabajar en paz\u201d, les sorrajaron a los uniformados terribles golpes con palos, piedras y lo que encontraban, hasta mandarlos al hospital. Por supuesto que ni las manitas metieron, pero eso s\u00ed los amenazaron con acusarlos con sus abuelitas, ante lo que los violentos agresores temblaron de miedo y se echaron a llorar arrepentidos.<\/p>\n\n\n\n<figure class=\"wp-block-image size-full\"><img loading=\"lazy\" decoding=\"async\" width=\"702\" height=\"468\" src=\"https:\/\/plazajuarez.mx\/historico\/historico\/wp-content\/uploads\/2022\/11\/OTRA-DE-HUACHICOLEROS-EN-TULA.-\u2013-especial-.jpeg\" alt=\"\" class=\"wp-image-237548\" srcset=\"https:\/\/plazajuarez.mx\/historico\/wp-content\/uploads\/2022\/11\/OTRA-DE-HUACHICOLEROS-EN-TULA.-\u2013-especial-.jpeg 702w, https:\/\/plazajuarez.mx\/historico\/wp-content\/uploads\/2022\/11\/OTRA-DE-HUACHICOLEROS-EN-TULA.-\u2013-especial--274x183.jpeg 274w, https:\/\/plazajuarez.mx\/historico\/wp-content\/uploads\/2022\/11\/OTRA-DE-HUACHICOLEROS-EN-TULA.-\u2013-especial--80x54.jpeg 80w, https:\/\/plazajuarez.mx\/historico\/wp-content\/uploads\/2022\/11\/OTRA-DE-HUACHICOLEROS-EN-TULA.-\u2013-especial--130x87.jpeg 130w, https:\/\/plazajuarez.mx\/historico\/wp-content\/uploads\/2022\/11\/OTRA-DE-HUACHICOLEROS-EN-TULA.-\u2013-especial--359x240.jpeg 359w, https:\/\/plazajuarez.mx\/historico\/wp-content\/uploads\/2022\/11\/OTRA-DE-HUACHICOLEROS-EN-TULA.-\u2013-especial--85x57.jpeg 85w, https:\/\/plazajuarez.mx\/historico\/wp-content\/uploads\/2022\/11\/OTRA-DE-HUACHICOLEROS-EN-TULA.-\u2013-especial--546x365.jpeg 546w, https:\/\/plazajuarez.mx\/historico\/wp-content\/uploads\/2022\/11\/OTRA-DE-HUACHICOLEROS-EN-TULA.-\u2013-especial--165x109.jpeg 165w, https:\/\/plazajuarez.mx\/historico\/wp-content\/uploads\/2022\/11\/OTRA-DE-HUACHICOLEROS-EN-TULA.-\u2013-especial--112x75.jpeg 112w, https:\/\/plazajuarez.mx\/historico\/wp-content\/uploads\/2022\/11\/OTRA-DE-HUACHICOLEROS-EN-TULA.-\u2013-especial--179x120.jpeg 179w, https:\/\/plazajuarez.mx\/historico\/wp-content\/uploads\/2022\/11\/OTRA-DE-HUACHICOLEROS-EN-TULA.-\u2013-especial--170x113.jpeg 170w, https:\/\/plazajuarez.mx\/historico\/wp-content\/uploads\/2022\/11\/OTRA-DE-HUACHICOLEROS-EN-TULA.-\u2013-especial--81x55.jpeg 81w, https:\/\/plazajuarez.mx\/historico\/wp-content\/uploads\/2022\/11\/OTRA-DE-HUACHICOLEROS-EN-TULA.-\u2013-especial--765x510.jpeg 765w\" sizes=\"auto, (max-width: 702px) 100vw, 702px\" \/><\/figure>\n\n\n\n<p class=\"wp-block-paragraph\"><strong>VALE INSISTIR: NI TODO ES BLANCO, NI TODO ES NEGRO<\/strong>. \u2013 Deben entenderlo, porque as\u00ed piensa su jefe, que es el gobernador, <strong>Julio Menchaca Salazar<\/strong>: ni todo es blanco, ni todo es negro. Y querer aplicar la tesis de que todo empieza en Hidalgo a partir de la presencia del gobierno morenista, no lleva a ninguna parte. El mandatario hidalguense siempre ha manifestado esa tesis: lo que se pueda mantener se debe mantener, lo que se deba mejorar pues mejorar, y lo que de plano no sirva, sustituir. Pero ninguna entidad, ning\u00fan pa\u00eds se construye de nuevo cada sexenio, porque no se avanza as\u00ed a ninguna parte. Sin duda un atributo del gobernador es que nunca acept\u00f3 ver la vida desde un punto de vista maniqueo, porque verlo as\u00ed es estar errado. Muchos deben aprender de la experiencia, de la forma calma y reflexiva con que su jefe ve no solo la pol\u00edtica, sino la vida misma.<\/p>\n\n\n\n<figure class=\"wp-block-image size-full\"><img loading=\"lazy\" decoding=\"async\" width=\"2560\" height=\"1639\" src=\"https:\/\/plazajuarez.mx\/historico\/historico\/wp-content\/uploads\/2022\/11\/VALE-INSISTIR_-NI-TODO-ES-BLANCO-NI-TODO-ES-NEGRO.-\u2013-Archivo--scaled.jpeg\" alt=\"\" class=\"wp-image-237549\" srcset=\"https:\/\/plazajuarez.mx\/historico\/wp-content\/uploads\/2022\/11\/VALE-INSISTIR_-NI-TODO-ES-BLANCO-NI-TODO-ES-NEGRO.-\u2013-Archivo--scaled.jpeg 2560w, https:\/\/plazajuarez.mx\/historico\/wp-content\/uploads\/2022\/11\/VALE-INSISTIR_-NI-TODO-ES-BLANCO-NI-TODO-ES-NEGRO.-\u2013-Archivo--768x492.jpeg 768w, https:\/\/plazajuarez.mx\/historico\/wp-content\/uploads\/2022\/11\/VALE-INSISTIR_-NI-TODO-ES-BLANCO-NI-TODO-ES-NEGRO.-\u2013-Archivo--1536x984.jpeg 1536w, https:\/\/plazajuarez.mx\/historico\/wp-content\/uploads\/2022\/11\/VALE-INSISTIR_-NI-TODO-ES-BLANCO-NI-TODO-ES-NEGRO.-\u2013-Archivo--2048x1312.jpeg 2048w, https:\/\/plazajuarez.mx\/historico\/wp-content\/uploads\/2022\/11\/VALE-INSISTIR_-NI-TODO-ES-BLANCO-NI-TODO-ES-NEGRO.-\u2013-Archivo--179x116.jpeg 179w\" sizes=\"auto, (max-width: 2560px) 100vw, 2560px\" \/><\/figure>\n\n\n\n<p class=\"wp-block-paragraph\"><strong>Aviso para que no digan: Esta columna se nutre de comentarios recabados por agencias del Recontra-Espionaje, muy similares a las que populariz\u00f3 el \u201cS\u00faper Agente 86\u201d en sus tiempos. Como tal lo que publicamos puede que sea cierto, puede que no, o todo lo contrario. Est\u00e1 usted en libertad de creer o no lo que lee, recontra-enojarse, recontra- carcajearse y hasta recontra-recordarnos a nuestra jefecita (nosotros recontra-haremos lo propio). Avisado est\u00e1 usted.&nbsp;<\/strong><\/p>\n\n\n\n<p class=\"wp-block-paragraph\"><strong>desexenterado@gmail.com @desexenterado&nbsp;<\/strong><\/p>\n","protected":false},"excerpt":{"rendered":"<p>CRIMEN ORGANIZADO EN HIDALGO. \u2013 Por supuesto que el primer paso para solucionar un problema es reconocer que existe. Y en ese sentido, aceptar que hay tres c\u00e1rteles del crimen organizado que operan en tierras hidalguenses, es sano, porque negarlo una y mil veces solo complica m\u00e1s la situaci\u00f3n. El gobernador Julio Menchaca Salazar, hace [&hellip;]<\/p>\n","protected":false},"author":93,"featured_media":234681,"comment_status":"closed","ping_status":"closed","sticky":false,"template":"","format":"standard","meta":{"footnotes":""},"categories":[83],"tags":[],"class_list":["post-237545","post","type-post","status-publish","format-standard","has-post-thumbnail","hentry","category-dese-por-enterado"],"_links":{"self":[{"href":"https:\/\/plazajuarez.mx\/historico\/wp-json\/wp\/v2\/posts\/237545","targetHints":{"allow":["GET"]}}],"collection":[{"href":"https:\/\/plazajuarez.mx\/historico\/wp-json\/wp\/v2\/posts"}],"about":[{"href":"https:\/\/plazajuarez.mx\/historico\/wp-json\/wp\/v2\/types\/post"}],"author":[{"embeddable":true,"href":"https:\/\/plazajuarez.mx\/historico\/wp-json\/wp\/v2\/users\/93"}],"replies":[{"embeddable":true,"href":"https:\/\/plazajuarez.mx\/historico\/wp-json\/wp\/v2\/comments?post=237545"}],"version-history":[{"count":0,"href":"https:\/\/plazajuarez.mx\/historico\/wp-json\/wp\/v2\/posts\/237545\/revisions"}],"wp:featuredmedia":[{"embeddable":true,"href":"https:\/\/plazajuarez.mx\/historico\/wp-json\/wp\/v2\/media\/234681"}],"wp:attachment":[{"href":"https:\/\/plazajuarez.mx\/historico\/wp-json\/wp\/v2\/media?parent=237545"}],"wp:term":[{"taxonomy":"category","embeddable":true,"href":"https:\/\/plazajuarez.mx\/historico\/wp-json\/wp\/v2\/categories?post=237545"},{"taxonomy":"post_tag","embeddable":true,"href":"https:\/\/plazajuarez.mx\/historico\/wp-json\/wp\/v2\/tags?post=237545"}],"curies":[{"name":"wp","href":"https:\/\/api.w.org\/{rel}","templated":true}]}}