{"id":237394,"date":"2022-11-08T07:52:44","date_gmt":"2022-11-08T13:52:44","guid":{"rendered":"https:\/\/plazajuarez.mx\/?p=237394"},"modified":"2022-11-08T07:52:50","modified_gmt":"2022-11-08T13:52:50","slug":"firma-hidalgo-acuerdo-de-colaboracion-con-el-coneval","status":"publish","type":"post","link":"https:\/\/plazajuarez.mx\/historico\/firma-hidalgo-acuerdo-de-colaboracion-con-el-coneval\/","title":{"rendered":"Firma Hidalgo acuerdo de colaboraci\u00f3n con el Coneval"},"content":{"rendered":"\n<p class=\"wp-block-paragraph\">Con el compromiso de generar un Plan Estatal de Desarrollo que beneficie a los sectores m\u00e1s vulnerables, el gobernador Julio Menchaca Salazar, llev\u00f3 a cabo la firma de un Convenio de Colaboraci\u00f3n con el Consejo Nacional de Evaluaci\u00f3n de la Pol\u00edtica de Desarrollo Social (Coneval).<\/p>\n\n\n\n<p class=\"wp-block-paragraph\">Jos\u00e9 Nabor Cruz Marcelo, secretario ejecutivo del Coneval, celebr\u00f3 la disposici\u00f3n que ha mostrado el nuevo gobierno de Hidalgo y asegur\u00f3 que, gracias a este acuerdo, se podr\u00e1n reforzar las acciones a desarrollar por la nueva administraci\u00f3n.&nbsp;<\/p>\n\n\n\n<p class=\"wp-block-paragraph\">Inform\u00f3 que se present\u00f3 un incremento del 7 al 8.1 por ciento en los \u00edndices de pobreza, derivado de la carencia al acceso a la seguridad social y a una nutrici\u00f3n de calidad, mientras que el rezago educativo alcanz\u00f3 el 18 por ciento del total de la poblaci\u00f3n.<\/p>\n\n\n\n<p class=\"wp-block-paragraph\">Cruz Marcelo tambi\u00e9n dio a conocer que la mitad de la poblaci\u00f3n en Hidalgo se encuentra en pobreza laboral, porcentaje que se agudiz\u00f3 a ra\u00edz de la emergencia sanitaria por Covid-19.<\/p>\n\n\n\n<p class=\"wp-block-paragraph\">Bajo este tenor, Menchaca Salazar se\u00f1al\u00f3 que los porcentajes son un reflejo del abandono y descuido, que durante muchos a\u00f1os comprometi\u00f3 el bienestar de la poblaci\u00f3n.<\/p>\n\n\n\n<p class=\"wp-block-paragraph\">Por ello, como primer esfuerzo, el mandatario estatal anunci\u00f3 una inversi\u00f3n de 315 millones de pesos para mejorar caminos y carreteras de 12 municipios.<\/p>\n","protected":false},"excerpt":{"rendered":"<p>Con el compromiso de generar un Plan Estatal de Desarrollo que beneficie a los sectores m\u00e1s vulnerables, el gobernador Julio Menchaca Salazar, llev\u00f3 a cabo la firma de un Convenio de Colaboraci\u00f3n con el Consejo Nacional de Evaluaci\u00f3n de la Pol\u00edtica de Desarrollo Social (Coneval). Jos\u00e9 Nabor Cruz Marcelo, secretario ejecutivo del Coneval, celebr\u00f3 la [&hellip;]<\/p>\n","protected":false},"author":93,"featured_media":237395,"comment_status":"closed","ping_status":"closed","sticky":false,"template":"","format":"standard","meta":{"footnotes":""},"categories":[15,59,2159],"tags":[],"class_list":["post-237394","post","type-post","status-publish","format-standard","has-post-thumbnail","hentry","category-destacadas","category-general","category-noticias-de-hidalgo"],"_links":{"self":[{"href":"https:\/\/plazajuarez.mx\/historico\/wp-json\/wp\/v2\/posts\/237394","targetHints":{"allow":["GET"]}}],"collection":[{"href":"https:\/\/plazajuarez.mx\/historico\/wp-json\/wp\/v2\/posts"}],"about":[{"href":"https:\/\/plazajuarez.mx\/historico\/wp-json\/wp\/v2\/types\/post"}],"author":[{"embeddable":true,"href":"https:\/\/plazajuarez.mx\/historico\/wp-json\/wp\/v2\/users\/93"}],"replies":[{"embeddable":true,"href":"https:\/\/plazajuarez.mx\/historico\/wp-json\/wp\/v2\/comments?post=237394"}],"version-history":[{"count":0,"href":"https:\/\/plazajuarez.mx\/historico\/wp-json\/wp\/v2\/posts\/237394\/revisions"}],"wp:featuredmedia":[{"embeddable":true,"href":"https:\/\/plazajuarez.mx\/historico\/wp-json\/wp\/v2\/media\/237395"}],"wp:attachment":[{"href":"https:\/\/plazajuarez.mx\/historico\/wp-json\/wp\/v2\/media?parent=237394"}],"wp:term":[{"taxonomy":"category","embeddable":true,"href":"https:\/\/plazajuarez.mx\/historico\/wp-json\/wp\/v2\/categories?post=237394"},{"taxonomy":"post_tag","embeddable":true,"href":"https:\/\/plazajuarez.mx\/historico\/wp-json\/wp\/v2\/tags?post=237394"}],"curies":[{"name":"wp","href":"https:\/\/api.w.org\/{rel}","templated":true}]}}