{"id":237392,"date":"2022-11-08T07:51:32","date_gmt":"2022-11-08T13:51:32","guid":{"rendered":"https:\/\/plazajuarez.mx\/?p=237392"},"modified":"2022-11-08T07:51:38","modified_gmt":"2022-11-08T13:51:38","slug":"continua-la-vacunacion-a-menores-de-5-a-11-anos-en-pachuca","status":"publish","type":"post","link":"https:\/\/plazajuarez.mx\/historico\/continua-la-vacunacion-a-menores-de-5-a-11-anos-en-pachuca\/","title":{"rendered":"Contin\u00faa la vacunaci\u00f3n a menores de 5 a 11 a\u00f1os en Pachuca"},"content":{"rendered":"\n<p class=\"wp-block-paragraph\">De acuerdo con informaci\u00f3n revelada por la Delegaci\u00f3n de Programas para el Bienestar Hidalgo, desde ayer y hasta el pr\u00f3ximo viernes 11 de noviembre, implementar\u00e1n la estrategia de vacunaci\u00f3n contra Covid-19 para menores de 5 a 11 a\u00f1os en Pachuca.<\/p>\n\n\n\n<p class=\"wp-block-paragraph\">Las vacunas que se estar\u00e1n aplicando ser\u00e1n la primera y segunda dosis de Pfizer Biontech Pedi\u00e1trico a rezagados, en la Cl\u00ednica 32 del Instituto Mexicano del Seguro Social (IMSS).<\/p>\n\n\n\n<p class=\"wp-block-paragraph\">Es importante se\u00f1alar que esta semana de vacunaci\u00f3n, ser\u00e1 la \u00faltima jornada del 2022, por ello la dependencia federal invita a los padres de familia a no dejar pasar la oportunidad y llevar a sus peque\u00f1os a inmunizar.<\/p>\n\n\n\n<p class=\"wp-block-paragraph\">Para ello, deber\u00e1n presentar folio de registro, expediente de vacunaci\u00f3n (en caso de ser la segunda dosis), y el INE de la persona adulta que acompa\u00f1a al menor.<\/p>\n\n\n\n<p class=\"wp-block-paragraph\">La sede para esta semana es la cl\u00ednica 32 del IMSS en un horario de 08:00 a 13:00 horas.<\/p>\n","protected":false},"excerpt":{"rendered":"<p>De acuerdo con informaci\u00f3n revelada por la Delegaci\u00f3n de Programas para el Bienestar Hidalgo, desde ayer y hasta el pr\u00f3ximo viernes 11 de noviembre, implementar\u00e1n la estrategia de vacunaci\u00f3n contra Covid-19 para menores de 5 a 11 a\u00f1os en Pachuca. Las vacunas que se estar\u00e1n aplicando ser\u00e1n la primera y segunda dosis de Pfizer Biontech [&hellip;]<\/p>\n","protected":false},"author":73,"featured_media":237002,"comment_status":"closed","ping_status":"closed","sticky":false,"template":"","format":"standard","meta":{"footnotes":""},"categories":[59,2159],"tags":[],"class_list":["post-237392","post","type-post","status-publish","format-standard","has-post-thumbnail","hentry","category-general","category-noticias-de-hidalgo"],"_links":{"self":[{"href":"https:\/\/plazajuarez.mx\/historico\/wp-json\/wp\/v2\/posts\/237392","targetHints":{"allow":["GET"]}}],"collection":[{"href":"https:\/\/plazajuarez.mx\/historico\/wp-json\/wp\/v2\/posts"}],"about":[{"href":"https:\/\/plazajuarez.mx\/historico\/wp-json\/wp\/v2\/types\/post"}],"author":[{"embeddable":true,"href":"https:\/\/plazajuarez.mx\/historico\/wp-json\/wp\/v2\/users\/73"}],"replies":[{"embeddable":true,"href":"https:\/\/plazajuarez.mx\/historico\/wp-json\/wp\/v2\/comments?post=237392"}],"version-history":[{"count":0,"href":"https:\/\/plazajuarez.mx\/historico\/wp-json\/wp\/v2\/posts\/237392\/revisions"}],"wp:featuredmedia":[{"embeddable":true,"href":"https:\/\/plazajuarez.mx\/historico\/wp-json\/wp\/v2\/media\/237002"}],"wp:attachment":[{"href":"https:\/\/plazajuarez.mx\/historico\/wp-json\/wp\/v2\/media?parent=237392"}],"wp:term":[{"taxonomy":"category","embeddable":true,"href":"https:\/\/plazajuarez.mx\/historico\/wp-json\/wp\/v2\/categories?post=237392"},{"taxonomy":"post_tag","embeddable":true,"href":"https:\/\/plazajuarez.mx\/historico\/wp-json\/wp\/v2\/tags?post=237392"}],"curies":[{"name":"wp","href":"https:\/\/api.w.org\/{rel}","templated":true}]}}