{"id":237381,"date":"2022-11-08T07:47:30","date_gmt":"2022-11-08T13:47:30","guid":{"rendered":"https:\/\/plazajuarez.mx\/?p=237381"},"modified":"2022-11-08T07:47:36","modified_gmt":"2022-11-08T13:47:36","slug":"autoridades-encabezaron-el-lunes-civico","status":"publish","type":"post","link":"https:\/\/plazajuarez.mx\/historico\/autoridades-encabezaron-el-lunes-civico\/","title":{"rendered":"Autoridades encabezaron el \u201cLunes C\u00edvico\u201d\u00a0"},"content":{"rendered":"\n<p>Con el fin de fomentar el civismo y el respeto a los s\u00edmbolos patrios en la poblaci\u00f3n hidalguense, representantes del Gobierno de Hidalgo, Sedena y la Guardia Nacional, encabezaron&nbsp; el \u201cLunes C\u00edvico\u201d en Plaza Ju\u00e1rez.<\/p>\n\n\n\n<p>En la ceremonia de este lunes, particip\u00f3 Guillermo Olivares Reyna, titular de Gobierno. Cada mes corresponder\u00e1 a una secretar\u00eda diferente encabezar el evento.<\/p>\n\n\n\n<p>En esta ceremonia solemne tambi\u00e9n se cont\u00f3 con la participaci\u00f3n del general de Brigada, Diplomado Estado Mayor, Juan Jos\u00e9 G\u00f3mez Ruiz, comandante de la 18va Zona Militar, as\u00ed como del Coronel de Infanter\u00eda, Jos\u00e9 Francisco Gonz\u00e1lez Hern\u00e1ndez, Coordinador General de la Guardia Nacional en Hidalgo.<\/p>\n\n\n\n<p>Tambi\u00e9n se cont\u00f3 con la valiosa participaci\u00f3n de alumnos de la primaria Miguel Alem\u00e1n, de Pachuca, y del Conalep.<\/p>\n\n\n\n<p>El evento inici\u00f3 con el izamiento de la bandera y la lectura de efem\u00e9rides conmemorativas al mes de noviembre a cargo de una estudiante.<\/p>\n\n\n\n<p>Posteriormente hizo uso de la palabra el titular de la Secretar\u00eda de Gobierno y termin\u00f3 con la entonaci\u00f3n del Himno Nacional Mexicano.<\/p>\n\n\n\n<p>Dentro de su participaci\u00f3n el secretario Olivares Reyna manifest\u00f3 que el de Julio Menchaca es un gobierno emanado aut\u00e9nticamente del pueblo. &#8220;Somos parte de \u00e9l y nos afligen sus necesidades y haremos todo lo necesario para atenderlas&#8221;.<\/p>\n","protected":false},"excerpt":{"rendered":"<p>Con el fin de fomentar el civismo y el respeto a los s\u00edmbolos patrios en la poblaci\u00f3n hidalguense, representantes del Gobierno de Hidalgo, Sedena y la Guardia Nacional, encabezaron&nbsp; el \u201cLunes C\u00edvico\u201d en Plaza Ju\u00e1rez. En la ceremonia de este lunes, particip\u00f3 Guillermo Olivares Reyna, titular de Gobierno. Cada mes corresponder\u00e1 a una secretar\u00eda diferente [&hellip;]<\/p>\n","protected":false},"author":93,"featured_media":237382,"comment_status":"closed","ping_status":"closed","sticky":false,"template":"","format":"standard","meta":{"footnotes":""},"categories":[59,2159],"tags":[],"class_list":["post-237381","post","type-post","status-publish","format-standard","has-post-thumbnail","hentry","category-general","category-noticias-de-hidalgo"],"_links":{"self":[{"href":"https:\/\/plazajuarez.mx\/historico\/wp-json\/wp\/v2\/posts\/237381","targetHints":{"allow":["GET"]}}],"collection":[{"href":"https:\/\/plazajuarez.mx\/historico\/wp-json\/wp\/v2\/posts"}],"about":[{"href":"https:\/\/plazajuarez.mx\/historico\/wp-json\/wp\/v2\/types\/post"}],"author":[{"embeddable":true,"href":"https:\/\/plazajuarez.mx\/historico\/wp-json\/wp\/v2\/users\/93"}],"replies":[{"embeddable":true,"href":"https:\/\/plazajuarez.mx\/historico\/wp-json\/wp\/v2\/comments?post=237381"}],"version-history":[{"count":0,"href":"https:\/\/plazajuarez.mx\/historico\/wp-json\/wp\/v2\/posts\/237381\/revisions"}],"wp:featuredmedia":[{"embeddable":true,"href":"https:\/\/plazajuarez.mx\/historico\/wp-json\/wp\/v2\/media\/237382"}],"wp:attachment":[{"href":"https:\/\/plazajuarez.mx\/historico\/wp-json\/wp\/v2\/media?parent=237381"}],"wp:term":[{"taxonomy":"category","embeddable":true,"href":"https:\/\/plazajuarez.mx\/historico\/wp-json\/wp\/v2\/categories?post=237381"},{"taxonomy":"post_tag","embeddable":true,"href":"https:\/\/plazajuarez.mx\/historico\/wp-json\/wp\/v2\/tags?post=237381"}],"curies":[{"name":"wp","href":"https:\/\/api.w.org\/{rel}","templated":true}]}}