{"id":237379,"date":"2022-11-08T07:46:20","date_gmt":"2022-11-08T13:46:20","guid":{"rendered":"https:\/\/plazajuarez.mx\/?p=237379"},"modified":"2022-11-08T07:46:25","modified_gmt":"2022-11-08T13:46:25","slug":"alla-hemos-vivido-siempre-aqui-sonamos-lo-contrario","status":"publish","type":"post","link":"https:\/\/plazajuarez.mx\/historico\/alla-hemos-vivido-siempre-aqui-sonamos-lo-contrario\/","title":{"rendered":"All\u00e1 hemos vivido siempre, aqu\u00ed so\u00f1amos lo contrario"},"content":{"rendered":"\n<h2 class=\"wp-block-heading\"><em>LAGUNA DE VOCES<\/em><\/h2>\n\n\n\n<p>Despertarse a las 4:00 de la ma\u00f1ana sin una raz\u00f3n aparente es asunto com\u00fan entre la gente de edad, aunque si a eso agregamos la seguridad, de la que muchos dan testimonio, en el sentido de que algo de la conciencia se queda perdida en alguna parte, y no regresa a menos que se logre conciliar el sue\u00f1o de nueva cuenta, luego entonces no es simple asunto de insomnio sino algo que rebasa en mucho la idea que casi todos tenemos de la vida. Porque en serio, cuando no se puede dormir de corrido hasta las 6:00 o 7:00 de la ma\u00f1ana, que es la hora en que buena parte de los pachuque\u00f1os se levantan, es signo inequ\u00edvoco de que la vejez toc\u00f3 a la puerta, pero tambi\u00e9n de que por vez primera en tantos y tantos a\u00f1os de practicar el ejercicio de ausentarnos de la vida, tiene otra raz\u00f3n de ser.<\/p>\n\n\n\n<p>\u00bfNo te has despertado de pronto con la seguridad de que el sue\u00f1o que antes gozabas por irreal, resulta que es m\u00e1s real que la vida que vives en vigilia? \u00bfNo has ca\u00eddo en la cuenta de que tarde o temprano te vas a quedar varado en alguno de tus sue\u00f1os, y que esperas con ansias, hasta ilusi\u00f3n, que sea ese donde eres feliz como nunca pudiste serlo? \u00bfNo se te antoja ya no despertar?<\/p>\n\n\n\n<p>Puede que, apenas pasados los d\u00edas dedicados al recuerdo de los difuntos, alguien se adelante a decir, y casi jurar por todos sus antepasados, que se trata de la muerte, de la simple pero \u00fanica muerte. Pero no, en serio que no es as\u00ed, si no yo ser\u00eda el primero en reconocer que las cosas son as\u00ed de simples y rutinarias.<\/p>\n\n\n\n<p>Va m\u00e1s all\u00e1 de todo lo que hemos aprendido a lo largo de la vida, o lo que as\u00ed llamamos. Para muestra, la noche de hoy, en el entendido de que ya rebasas los 60 a\u00f1os, haz todo lo necesario para no despertar a las 4:00 de la ma\u00f1ana. As\u00ed que no tomes agua, cena muy ligero, no prendas la tele o s\u00e1cala de tu rec\u00e1mara si ah\u00ed la tienes. No te distraigas, y atiende cada una de las se\u00f1ales que ver\u00e1s en el sue\u00f1o, peque\u00f1o, superficial o profundo. Como sea el resultado es el mismo.<\/p>\n\n\n\n<p>Por principio de cuentas nada tiene que ver la muerte con lo que te digo.<\/p>\n\n\n\n<p>Porque justo cuando estos pensamientos asaltan al durmiente, ese que se despierta sobresaltado, con los ojos espantados, y no es que sea incapaz de volver a conciliar el sue\u00f1o, no. Es que poco a poco se da cuenta que en ese otro mundo es donde en realidad ha vivido siempre, y que adem\u00e1s es muy, pero muy feliz de reconocer a cada uno de los que se le atraviesan en esa tierra \u00fanica y bella.<\/p>\n\n\n\n<p>All\u00e1 hemos vivido siempre. Aqu\u00ed hemos so\u00f1ado que so\u00f1amos ese otro lugar.<\/p>\n\n\n\n<p>Algunos afirman que la epidemia de insomnio que azota a buena parte del mundo, en poco tiempo generar\u00e1 en esta que consideramos la \u201cvida real\u201d, las caracter\u00edsticas que nos har\u00e1n entender que en realidad esta es la tierra de los sue\u00f1os, no buenos por cierto, pero tierra de sue\u00f1os.<\/p>\n\n\n\n<p><strong>Mil gracias, hasta ma\u00f1ana.<\/strong><\/p>\n\n\n\n<p><a href=\"mailto:jeperalta@plazajuarez.mx\/historico\/historico\">jeperalta@plazajuarez.mx\/historico\/historico<\/a><\/p>\n\n\n\n<p>@JavierEPeralta<\/p>\n","protected":false},"excerpt":{"rendered":"<p>LAGUNA DE VOCES Despertarse a las 4:00 de la ma\u00f1ana sin una raz\u00f3n aparente es asunto com\u00fan entre la gente de edad, aunque si a eso agregamos la seguridad, de la que muchos dan testimonio, en el sentido de que algo de la conciencia se queda perdida en alguna parte, y no regresa a menos [&hellip;]<\/p>\n","protected":false},"author":10,"featured_media":234866,"comment_status":"closed","ping_status":"closed","sticky":false,"template":"","format":"standard","meta":{"footnotes":""},"categories":[49,42],"tags":[],"class_list":["post-237379","post","type-post","status-publish","format-standard","has-post-thumbnail","hentry","category-javier-peralta","category-nuestrapalabra"],"_links":{"self":[{"href":"https:\/\/plazajuarez.mx\/historico\/wp-json\/wp\/v2\/posts\/237379","targetHints":{"allow":["GET"]}}],"collection":[{"href":"https:\/\/plazajuarez.mx\/historico\/wp-json\/wp\/v2\/posts"}],"about":[{"href":"https:\/\/plazajuarez.mx\/historico\/wp-json\/wp\/v2\/types\/post"}],"author":[{"embeddable":true,"href":"https:\/\/plazajuarez.mx\/historico\/wp-json\/wp\/v2\/users\/10"}],"replies":[{"embeddable":true,"href":"https:\/\/plazajuarez.mx\/historico\/wp-json\/wp\/v2\/comments?post=237379"}],"version-history":[{"count":0,"href":"https:\/\/plazajuarez.mx\/historico\/wp-json\/wp\/v2\/posts\/237379\/revisions"}],"wp:featuredmedia":[{"embeddable":true,"href":"https:\/\/plazajuarez.mx\/historico\/wp-json\/wp\/v2\/media\/234866"}],"wp:attachment":[{"href":"https:\/\/plazajuarez.mx\/historico\/wp-json\/wp\/v2\/media?parent=237379"}],"wp:term":[{"taxonomy":"category","embeddable":true,"href":"https:\/\/plazajuarez.mx\/historico\/wp-json\/wp\/v2\/categories?post=237379"},{"taxonomy":"post_tag","embeddable":true,"href":"https:\/\/plazajuarez.mx\/historico\/wp-json\/wp\/v2\/tags?post=237379"}],"curies":[{"name":"wp","href":"https:\/\/api.w.org\/{rel}","templated":true}]}}