{"id":237377,"date":"2022-11-08T07:45:04","date_gmt":"2022-11-08T13:45:04","guid":{"rendered":"https:\/\/plazajuarez.mx\/?p=237377"},"modified":"2022-11-08T07:45:10","modified_gmt":"2022-11-08T13:45:10","slug":"hablando-se-entiende-la-gente","status":"publish","type":"post","link":"https:\/\/plazajuarez.mx\/historico\/hablando-se-entiende-la-gente\/","title":{"rendered":"Hablando se entiende la gente"},"content":{"rendered":"\n<h2 class=\"wp-block-heading\"><em>ALFIL NEGRO<\/em><\/h2>\n\n\n\n<p>El arte de la buena pol\u00edtica se basa, eso dicen los que saben, en el di\u00e1logo inteligente y responsable que generalmente lleva a consensos o acuerdos que benefician a todos y principalmente fortalece la confianza de los gobernados, porque se dan cuenta que quien gobierna lo hace privilegiando lo que conviene a quien tiene la raz\u00f3n, sin que cuenten factores como intereses de grupos o peor tantito ventajas econ\u00f3micas.<\/p>\n\n\n\n<p>El caso de la MINERA AUTL\u00c1N, que finalmente lleg\u00f3 a un acuerdo entre la empresa y las comunidades vecinas, hablan de logros cuando se acude al di\u00e1logo para los acuerdos.<\/p>\n\n\n\n<p>Como se recordar\u00e1, este caso de la minera, que desde el 5 de septiembre viv\u00eda acciones que m\u00e1s parec\u00edan un reto para el nuevo gobierno que manifestaci\u00f3n de inconformidades reales, provoc\u00f3 la intervenci\u00f3n de la fuerza p\u00fablica para desalojar a quienes por varias semanas manten\u00edan cerrados los accesos y salidas de esa empresa, con alegatos que pretend\u00edan hacerse pasar como nacidos de las comunidades, pero que por la afectaci\u00f3n que provocaban en miles de ciudadanos que se quedaban sin trabajo ni salarios, se pensaba que eran m\u00e1s bien un movimiento grillo de algunos vivos que buscaban beneficios econ\u00f3micos en este caso.<\/p>\n\n\n\n<p>De acuerdo a denuncias de los afectados, una docena de habitantes de IXCOTLA exig\u00edan que la empresa minera les hiciera aportaciones en dinero as\u00ed como recursos como agua, lo que a todas luces era un desprop\u00f3sito.<\/p>\n\n\n\n<p>Al parecer la minera se hab\u00eda convertido en un pozo sin fondo y una fuente de dinero que en cada ocasi\u00f3n era exigido en mayor cantidad, lo mismo por gentes de IXCOTLA QUE DE NAOPA, con logros que les beneficiaban en muchos renglones.<\/p>\n\n\n\n<p>Pero la ambici\u00f3n rompi\u00f3 el saco y el cierre por casi 40 d\u00edas de caminos para la minera y por lo mismo la afectaci\u00f3n de empleos con el da\u00f1o natural para miles de familias, provoc\u00f3 la intervenci\u00f3n de la fuerza p\u00fablica para desalojarlos.<\/p>\n\n\n\n<p><strong>EL ACUERDO<\/strong><\/p>\n\n\n\n<p>Finalmente el d\u00eda de ayer el Ejecutivo Estatal inform\u00f3 que se lleg\u00f3 a un acuerdo entre la empresa y el gobierno a fin de realizar programas y proyectos sociales que buscar\u00e1n aplicar los objetivos de Desarrollo Sostenible de la AGENDA 2030 en 48 comunidades del distrito minero de MOLANGO, municipio donde se asienta la minera.<\/p>\n\n\n\n<p>Este convenio incluir\u00e1 un fondo de inversi\u00f3n de 14.4 millones de pesos anuales adicionales a los apoyos que ya se entregan, entrando en vigor en enero del 2023 y con una vigencia hasta octubre del 2028.<\/p>\n\n\n\n<p>Es sin duda un buen arreglo, y expresi\u00f3n de que cuando se trabaja privilegiando el di\u00e1logo, se puede llegar a buenos arreglos como en este caso.<\/p>\n\n\n\n<p>Por cierto, excelente trabajo del Secretario de Gobierno GUILLERMO OLIVARES REYNA que instrument\u00f3 bien la pol\u00edtica de di\u00e1logo y acuerdo del Gobernador MENCHACA.<\/p>\n\n\n\n<p>Por eso se dice que \u201chablando se entiende la gente\u201d.<\/p>\n","protected":false},"excerpt":{"rendered":"<p>ALFIL NEGRO El arte de la buena pol\u00edtica se basa, eso dicen los que saben, en el di\u00e1logo inteligente y responsable que generalmente lleva a consensos o acuerdos que benefician a todos y principalmente fortalece la confianza de los gobernados, porque se dan cuenta que quien gobierna lo hace privilegiando lo que conviene a quien [&hellip;]<\/p>\n","protected":false},"author":83,"featured_media":234680,"comment_status":"closed","ping_status":"closed","sticky":false,"template":"","format":"standard","meta":{"footnotes":""},"categories":[48,42],"tags":[],"class_list":["post-237377","post","type-post","status-publish","format-standard","has-post-thumbnail","hentry","category-adalberto-peralta","category-nuestrapalabra"],"_links":{"self":[{"href":"https:\/\/plazajuarez.mx\/historico\/wp-json\/wp\/v2\/posts\/237377","targetHints":{"allow":["GET"]}}],"collection":[{"href":"https:\/\/plazajuarez.mx\/historico\/wp-json\/wp\/v2\/posts"}],"about":[{"href":"https:\/\/plazajuarez.mx\/historico\/wp-json\/wp\/v2\/types\/post"}],"author":[{"embeddable":true,"href":"https:\/\/plazajuarez.mx\/historico\/wp-json\/wp\/v2\/users\/83"}],"replies":[{"embeddable":true,"href":"https:\/\/plazajuarez.mx\/historico\/wp-json\/wp\/v2\/comments?post=237377"}],"version-history":[{"count":0,"href":"https:\/\/plazajuarez.mx\/historico\/wp-json\/wp\/v2\/posts\/237377\/revisions"}],"wp:featuredmedia":[{"embeddable":true,"href":"https:\/\/plazajuarez.mx\/historico\/wp-json\/wp\/v2\/media\/234680"}],"wp:attachment":[{"href":"https:\/\/plazajuarez.mx\/historico\/wp-json\/wp\/v2\/media?parent=237377"}],"wp:term":[{"taxonomy":"category","embeddable":true,"href":"https:\/\/plazajuarez.mx\/historico\/wp-json\/wp\/v2\/categories?post=237377"},{"taxonomy":"post_tag","embeddable":true,"href":"https:\/\/plazajuarez.mx\/historico\/wp-json\/wp\/v2\/tags?post=237377"}],"curies":[{"name":"wp","href":"https:\/\/api.w.org\/{rel}","templated":true}]}}