{"id":237368,"date":"2022-11-08T07:41:53","date_gmt":"2022-11-08T13:41:53","guid":{"rendered":"https:\/\/plazajuarez.mx\/?p=237368"},"modified":"2022-11-08T07:44:10","modified_gmt":"2022-11-08T13:44:10","slug":"dese-por-enterado-1049","status":"publish","type":"post","link":"https:\/\/plazajuarez.mx\/historico\/dese-por-enterado-1049\/","title":{"rendered":"DESE POR ENTERADO"},"content":{"rendered":"\n<p><strong>PUES S\u00cd, PERDI\u00d3 LA CARO PRECIOSA Y GAN\u00d3 FAYAD<\/strong>. \u2013 La ex candidata al gobierno de Hidalgo, Carolina Viggiano Austria es, con seguridad, uno de los baluartes del pri\u00edsmo hidalguense, pero siempre y cuando cuidara m\u00e1s sus amistades. Porque estar como secretaria general de un instituto pol\u00edtico que preside Alito Moreno, de plano como que no garantiza nada. Incluso ha perdido presencia en la entidad, y lo peor, mucha de la credibilidad que hab\u00eda ganado a pulso. Todav\u00eda es tiempo si se aleja p\u00fablicamente de ese esp\u00e9cimen raro de la pol\u00edtica que es Alito. Y lo anterior trajo como consecuencia, que en la elecci\u00f3n de Consejeros Nacionales de tricolores de Hidalgo, pues ganara el ex gobernador, Omar Fayad Meneses. Era obvio.&nbsp;<\/p>\n\n\n\n<figure class=\"wp-block-image size-full\"><img loading=\"lazy\" decoding=\"async\" width=\"1078\" height=\"1600\" src=\"https:\/\/plazajuarez.mx\/historico\/historico\/wp-content\/uploads\/2022\/11\/PUES-SI\u0301-PERDIO\u0301-LA-CARO-PRECIOSA-Y-GANO\u0301-FAYAD.-\u2013-Cortesi\u0301a-.jpg\" alt=\"\" class=\"wp-image-237372\" srcset=\"https:\/\/plazajuarez.mx\/historico\/wp-content\/uploads\/2022\/11\/PUES-SI\u0301-PERDIO\u0301-LA-CARO-PRECIOSA-Y-GANO\u0301-FAYAD.-\u2013-Cortesi\u0301a-.jpg 1078w, https:\/\/plazajuarez.mx\/historico\/wp-content\/uploads\/2022\/11\/PUES-SI\u0301-PERDIO\u0301-LA-CARO-PRECIOSA-Y-GANO\u0301-FAYAD.-\u2013-Cortesi\u0301a--768x1140.jpg 768w, https:\/\/plazajuarez.mx\/historico\/wp-content\/uploads\/2022\/11\/PUES-SI\u0301-PERDIO\u0301-LA-CARO-PRECIOSA-Y-GANO\u0301-FAYAD.-\u2013-Cortesi\u0301a--1035x1536.jpg 1035w\" sizes=\"auto, (max-width: 1078px) 100vw, 1078px\" \/><\/figure>\n\n\n\n<p><strong>AUDITORIO DE LA UAEH SIN NOMBRE, TORRE DE POSGRADO S\u00cd<\/strong>. \u2013 En estos tiempos un informe plagado de incoherencias y mentiras, como el del subsecretario Alejandro Encinas, se da por verdadero porque lo ordena el que manda. Y en esa tesitura resulta que en la Universidad Aut\u00f3noma del Estado de Hidalgo, ya le quitaron el nombre de Auditorio Jes\u00fas Murillo Karam, al que se localiza en el Instituto de Ciencias Sociales y Humanidades, porque \u201cel estudiantado as\u00ed lo pidi\u00f3\u201d. Si alguien tiene memoria, fue en el gobierno del ex Procurador General de la Rep\u00fablica, cuando la instituci\u00f3n creci\u00f3 como nunca. Pero bueno, Encinas y su \u201cinforme\u201d lo juzgaron y condenaron por ser casi quien asesin\u00f3 a los 43 de Ayotzinapa, en estos tiempos de las verdades relativas. Pero sucede que la Torre de Posgrado de la UAEH, tiene por nombre Gerardo Sosa Castel\u00e1n, quien por cierto est\u00e1 por reiniciar audiencias en el caso que se le sigue y lo tiene con prisi\u00f3n domiciliaria. Cada quien ve lo que quiere ver, o lo que le ordenan ver.<\/p>\n\n\n\n<figure class=\"wp-block-image size-full\"><img loading=\"lazy\" decoding=\"async\" width=\"768\" height=\"634\" src=\"https:\/\/plazajuarez.mx\/historico\/historico\/wp-content\/uploads\/2022\/11\/AUDITORIO-DE-LA-UAEH-SIN-NOMBRE-TORRE-DE-POSGRADO-SI\u0301.-\u2013-Archivo-.jpeg\" alt=\"\" class=\"wp-image-237373\"\/><\/figure>\n\n\n\n<p><strong>GUILLERMO OLIVARES REYNA, EL M\u00c1S POL\u00cdTICO<\/strong>. \u2013 El acuerdo con la minera Autl\u00e1n, habla de un pol\u00edtico de nivel, serio, ajeno a las veleidades de la fama tuitera, feisbuquera, tiktokera o youtbuera. Habla del funcionario con m\u00e1s horas de vuelo, y que por muchas razones es clave en la administraci\u00f3n del naciente gobierno. Otros se dedican a promocionarse en las redes, Olivares Reyna no. Y por eso, qued\u00f3 muy en claro que el hombre de las confianzas absolutas del gobernador Julio Menchaca, despacha en la Secretar\u00eda de Gobierno.<\/p>\n\n\n\n<figure class=\"wp-block-image size-full\"><img loading=\"lazy\" decoding=\"async\" width=\"1280\" height=\"847\" src=\"https:\/\/plazajuarez.mx\/historico\/historico\/wp-content\/uploads\/2022\/11\/GUILLERMO-OLIVARES-REYNA-EL-MA\u0301S-POLI\u0301TICO.-\u2013-Cortesi\u0301a-.jpeg\" alt=\"\" class=\"wp-image-237374\" srcset=\"https:\/\/plazajuarez.mx\/historico\/wp-content\/uploads\/2022\/11\/GUILLERMO-OLIVARES-REYNA-EL-MA\u0301S-POLI\u0301TICO.-\u2013-Cortesi\u0301a-.jpeg 1280w, https:\/\/plazajuarez.mx\/historico\/wp-content\/uploads\/2022\/11\/GUILLERMO-OLIVARES-REYNA-EL-MA\u0301S-POLI\u0301TICO.-\u2013-Cortesi\u0301a--768x508.jpeg 768w, https:\/\/plazajuarez.mx\/historico\/wp-content\/uploads\/2022\/11\/GUILLERMO-OLIVARES-REYNA-EL-MA\u0301S-POLI\u0301TICO.-\u2013-Cortesi\u0301a--80x54.jpeg 80w, https:\/\/plazajuarez.mx\/historico\/wp-content\/uploads\/2022\/11\/GUILLERMO-OLIVARES-REYNA-EL-MA\u0301S-POLI\u0301TICO.-\u2013-Cortesi\u0301a--130x87.jpeg 130w, https:\/\/plazajuarez.mx\/historico\/wp-content\/uploads\/2022\/11\/GUILLERMO-OLIVARES-REYNA-EL-MA\u0301S-POLI\u0301TICO.-\u2013-Cortesi\u0301a--85x57.jpeg 85w, https:\/\/plazajuarez.mx\/historico\/wp-content\/uploads\/2022\/11\/GUILLERMO-OLIVARES-REYNA-EL-MA\u0301S-POLI\u0301TICO.-\u2013-Cortesi\u0301a--165x109.jpeg 165w, https:\/\/plazajuarez.mx\/historico\/wp-content\/uploads\/2022\/11\/GUILLERMO-OLIVARES-REYNA-EL-MA\u0301S-POLI\u0301TICO.-\u2013-Cortesi\u0301a--112x75.jpeg 112w, https:\/\/plazajuarez.mx\/historico\/wp-content\/uploads\/2022\/11\/GUILLERMO-OLIVARES-REYNA-EL-MA\u0301S-POLI\u0301TICO.-\u2013-Cortesi\u0301a--170x113.jpeg 170w, https:\/\/plazajuarez.mx\/historico\/wp-content\/uploads\/2022\/11\/GUILLERMO-OLIVARES-REYNA-EL-MA\u0301S-POLI\u0301TICO.-\u2013-Cortesi\u0301a--81x55.jpeg 81w\" sizes=\"auto, (max-width: 1280px) 100vw, 1280px\" \/><\/figure>\n\n\n\n<p><strong>CONEVAL, ACUERDO EN EL COMBATE A LA POBREZA<\/strong>. \u2013 Si alguien deseaba dar detalles cr\u00edticos, duros respecto a un gobierno estatal, siempre deb\u00eda recurrirse a los informes del Consejo Nacional de Evaluaci\u00f3n de la Pol\u00edtica de Desarrollo Social (Coneval), que preside Jos\u00e9 Nabor Cruz Marcelo. Ayer el gobierno estatal firm\u00f3 un convenio de colaboraci\u00f3n con dicho organismo, que asesorar\u00e1 en la conformaci\u00f3n del Plan Estatal de Desarrollo, precisamente en el combate a la pobreza. Suena muy interesante, y sin duda ser\u00e1 un reto para el Coneval, pasar del an\u00e1lisis a las acciones concretas.&nbsp;<\/p>\n\n\n\n<figure class=\"wp-block-image size-full\"><img loading=\"lazy\" decoding=\"async\" width=\"1280\" height=\"853\" src=\"https:\/\/plazajuarez.mx\/historico\/historico\/wp-content\/uploads\/2022\/11\/CONEVAL-ACUERDO-EN-EL-COMBATE-A-LA-POBREZA.-\u2013-Cortesi\u0301a-.jpeg\" alt=\"\" class=\"wp-image-237375\" srcset=\"https:\/\/plazajuarez.mx\/historico\/wp-content\/uploads\/2022\/11\/CONEVAL-ACUERDO-EN-EL-COMBATE-A-LA-POBREZA.-\u2013-Cortesi\u0301a-.jpeg 1280w, https:\/\/plazajuarez.mx\/historico\/wp-content\/uploads\/2022\/11\/CONEVAL-ACUERDO-EN-EL-COMBATE-A-LA-POBREZA.-\u2013-Cortesi\u0301a--768x512.jpeg 768w, https:\/\/plazajuarez.mx\/historico\/wp-content\/uploads\/2022\/11\/CONEVAL-ACUERDO-EN-EL-COMBATE-A-LA-POBREZA.-\u2013-Cortesi\u0301a--274x183.jpeg 274w, https:\/\/plazajuarez.mx\/historico\/wp-content\/uploads\/2022\/11\/CONEVAL-ACUERDO-EN-EL-COMBATE-A-LA-POBREZA.-\u2013-Cortesi\u0301a--80x54.jpeg 80w, https:\/\/plazajuarez.mx\/historico\/wp-content\/uploads\/2022\/11\/CONEVAL-ACUERDO-EN-EL-COMBATE-A-LA-POBREZA.-\u2013-Cortesi\u0301a--130x87.jpeg 130w, https:\/\/plazajuarez.mx\/historico\/wp-content\/uploads\/2022\/11\/CONEVAL-ACUERDO-EN-EL-COMBATE-A-LA-POBREZA.-\u2013-Cortesi\u0301a--359x240.jpeg 359w, https:\/\/plazajuarez.mx\/historico\/wp-content\/uploads\/2022\/11\/CONEVAL-ACUERDO-EN-EL-COMBATE-A-LA-POBREZA.-\u2013-Cortesi\u0301a--85x57.jpeg 85w, https:\/\/plazajuarez.mx\/historico\/wp-content\/uploads\/2022\/11\/CONEVAL-ACUERDO-EN-EL-COMBATE-A-LA-POBREZA.-\u2013-Cortesi\u0301a--546x365.jpeg 546w, https:\/\/plazajuarez.mx\/historico\/wp-content\/uploads\/2022\/11\/CONEVAL-ACUERDO-EN-EL-COMBATE-A-LA-POBREZA.-\u2013-Cortesi\u0301a--165x109.jpeg 165w, https:\/\/plazajuarez.mx\/historico\/wp-content\/uploads\/2022\/11\/CONEVAL-ACUERDO-EN-EL-COMBATE-A-LA-POBREZA.-\u2013-Cortesi\u0301a--112x75.jpeg 112w, https:\/\/plazajuarez.mx\/historico\/wp-content\/uploads\/2022\/11\/CONEVAL-ACUERDO-EN-EL-COMBATE-A-LA-POBREZA.-\u2013-Cortesi\u0301a--179x120.jpeg 179w, https:\/\/plazajuarez.mx\/historico\/wp-content\/uploads\/2022\/11\/CONEVAL-ACUERDO-EN-EL-COMBATE-A-LA-POBREZA.-\u2013-Cortesi\u0301a--170x113.jpeg 170w, https:\/\/plazajuarez.mx\/historico\/wp-content\/uploads\/2022\/11\/CONEVAL-ACUERDO-EN-EL-COMBATE-A-LA-POBREZA.-\u2013-Cortesi\u0301a--81x55.jpeg 81w, https:\/\/plazajuarez.mx\/historico\/wp-content\/uploads\/2022\/11\/CONEVAL-ACUERDO-EN-EL-COMBATE-A-LA-POBREZA.-\u2013-Cortesi\u0301a--765x510.jpeg 765w\" sizes=\"auto, (max-width: 1280px) 100vw, 1280px\" \/><\/figure>\n\n\n\n<p><strong>Aviso para que no digan: Esta columna se nutre de comentarios recabados por agencias del Recontra-Espionaje, muy similares a las que populariz\u00f3 el \u201cS\u00faper Agente 86\u201d en sus tiempos. Como tal lo que publicamos puede que sea cierto, puede que no, o todo lo contrario. Est\u00e1 usted en libertad de creer o no lo que lee, recontra-enojarse, recontra- carcajearse y hasta recontra-recordarnos a nuestra jefecita (nosotros recontra-haremos lo propio). Avisado est\u00e1 usted.&nbsp;<\/strong><\/p>\n\n\n\n<p><strong>desexenterado@gmail.com @desexenterado&nbsp;<\/strong><\/p>\n","protected":false},"excerpt":{"rendered":"<p>PUES S\u00cd, PERDI\u00d3 LA CARO PRECIOSA Y GAN\u00d3 FAYAD. \u2013 La ex candidata al gobierno de Hidalgo, Carolina Viggiano Austria es, con seguridad, uno de los baluartes del pri\u00edsmo hidalguense, pero siempre y cuando cuidara m\u00e1s sus amistades. Porque estar como secretaria general de un instituto pol\u00edtico que preside Alito Moreno, de plano como que [&hellip;]<\/p>\n","protected":false},"author":93,"featured_media":234681,"comment_status":"closed","ping_status":"closed","sticky":false,"template":"","format":"standard","meta":{"footnotes":""},"categories":[83],"tags":[],"class_list":["post-237368","post","type-post","status-publish","format-standard","has-post-thumbnail","hentry","category-dese-por-enterado"],"_links":{"self":[{"href":"https:\/\/plazajuarez.mx\/historico\/wp-json\/wp\/v2\/posts\/237368","targetHints":{"allow":["GET"]}}],"collection":[{"href":"https:\/\/plazajuarez.mx\/historico\/wp-json\/wp\/v2\/posts"}],"about":[{"href":"https:\/\/plazajuarez.mx\/historico\/wp-json\/wp\/v2\/types\/post"}],"author":[{"embeddable":true,"href":"https:\/\/plazajuarez.mx\/historico\/wp-json\/wp\/v2\/users\/93"}],"replies":[{"embeddable":true,"href":"https:\/\/plazajuarez.mx\/historico\/wp-json\/wp\/v2\/comments?post=237368"}],"version-history":[{"count":0,"href":"https:\/\/plazajuarez.mx\/historico\/wp-json\/wp\/v2\/posts\/237368\/revisions"}],"wp:featuredmedia":[{"embeddable":true,"href":"https:\/\/plazajuarez.mx\/historico\/wp-json\/wp\/v2\/media\/234681"}],"wp:attachment":[{"href":"https:\/\/plazajuarez.mx\/historico\/wp-json\/wp\/v2\/media?parent=237368"}],"wp:term":[{"taxonomy":"category","embeddable":true,"href":"https:\/\/plazajuarez.mx\/historico\/wp-json\/wp\/v2\/categories?post=237368"},{"taxonomy":"post_tag","embeddable":true,"href":"https:\/\/plazajuarez.mx\/historico\/wp-json\/wp\/v2\/tags?post=237368"}],"curies":[{"name":"wp","href":"https:\/\/api.w.org\/{rel}","templated":true}]}}