{"id":237364,"date":"2022-11-08T07:40:09","date_gmt":"2022-11-08T13:40:09","guid":{"rendered":"https:\/\/plazajuarez.mx\/?p=237364"},"modified":"2022-11-08T07:40:18","modified_gmt":"2022-11-08T13:40:18","slug":"inician-foros-regionales-sobre-derechos-politicos","status":"publish","type":"post","link":"https:\/\/plazajuarez.mx\/historico\/inician-foros-regionales-sobre-derechos-politicos\/","title":{"rendered":"Inician Foros Regionales sobre derechos pol\u00edticos"},"content":{"rendered":"\n<p>En un hecho hist\u00f3rico, el Congreso de Hidalgo abri\u00f3 la oportunidad para que las personas con discapacidad puedan participar sobre sus derechos pol\u00edticos-electorales en la entidad, consider\u00f3 la presidenta de la Primera Comisi\u00f3n de Derechos Humanos y Atenci\u00f3n a Personas con Discapacidad, Michelle Calder\u00f3n Ram\u00edrez.<\/p>\n\n\n\n<p>Lo anterior a trav\u00e9s de los Foros Regionales de Consulta sobre derechos pol\u00edticos a personas con discapacidad de Hidalgo 2022, que dio inici\u00f3 en la explanada de las instalaciones legislativas.<\/p>\n\n\n\n<p>\u201cLas personas con discapacidad tenemos el derecho de votar y ser votados pero sin las reformas necesarias al C\u00f3digo Electoral y las leyes org\u00e1nicas de la administraci\u00f3n p\u00fablica, municipal y de participaci\u00f3n ciudadana, no hubiese sido posible materializar y hoy ya se hicieron\u201d, indic\u00f3.<\/p>\n\n\n\n<p>La legisladora integrante del Grupo Legislativo del Partido Revolucionario Institucional (PRI) explic\u00f3 que en los foros de consulta ser\u00e1n analizadas cuatro ordenamientos: C\u00f3digo Electoral de Hidalgo, Ley Org\u00e1nica de la Administraci\u00f3n P\u00fablica, Ley \u00d3rganica Municipal y Ley de Participaci\u00f3n Ciudadana, los cuales fueron modificados por el Congreso estatal.<\/p>\n","protected":false},"excerpt":{"rendered":"<p>En un hecho hist\u00f3rico, el Congreso de Hidalgo abri\u00f3 la oportunidad para que las personas con discapacidad puedan participar sobre sus derechos pol\u00edticos-electorales en la entidad, consider\u00f3 la presidenta de la Primera Comisi\u00f3n de Derechos Humanos y Atenci\u00f3n a Personas con Discapacidad, Michelle Calder\u00f3n Ram\u00edrez. Lo anterior a trav\u00e9s de los Foros Regionales de Consulta [&hellip;]<\/p>\n","protected":false},"author":93,"featured_media":237365,"comment_status":"closed","ping_status":"closed","sticky":false,"template":"","format":"standard","meta":{"footnotes":""},"categories":[59,2159],"tags":[],"class_list":["post-237364","post","type-post","status-publish","format-standard","has-post-thumbnail","hentry","category-general","category-noticias-de-hidalgo"],"_links":{"self":[{"href":"https:\/\/plazajuarez.mx\/historico\/wp-json\/wp\/v2\/posts\/237364","targetHints":{"allow":["GET"]}}],"collection":[{"href":"https:\/\/plazajuarez.mx\/historico\/wp-json\/wp\/v2\/posts"}],"about":[{"href":"https:\/\/plazajuarez.mx\/historico\/wp-json\/wp\/v2\/types\/post"}],"author":[{"embeddable":true,"href":"https:\/\/plazajuarez.mx\/historico\/wp-json\/wp\/v2\/users\/93"}],"replies":[{"embeddable":true,"href":"https:\/\/plazajuarez.mx\/historico\/wp-json\/wp\/v2\/comments?post=237364"}],"version-history":[{"count":0,"href":"https:\/\/plazajuarez.mx\/historico\/wp-json\/wp\/v2\/posts\/237364\/revisions"}],"wp:featuredmedia":[{"embeddable":true,"href":"https:\/\/plazajuarez.mx\/historico\/wp-json\/wp\/v2\/media\/237365"}],"wp:attachment":[{"href":"https:\/\/plazajuarez.mx\/historico\/wp-json\/wp\/v2\/media?parent=237364"}],"wp:term":[{"taxonomy":"category","embeddable":true,"href":"https:\/\/plazajuarez.mx\/historico\/wp-json\/wp\/v2\/categories?post=237364"},{"taxonomy":"post_tag","embeddable":true,"href":"https:\/\/plazajuarez.mx\/historico\/wp-json\/wp\/v2\/tags?post=237364"}],"curies":[{"name":"wp","href":"https:\/\/api.w.org\/{rel}","templated":true}]}}