{"id":237360,"date":"2022-11-07T17:58:30","date_gmt":"2022-11-07T23:58:30","guid":{"rendered":"https:\/\/plazajuarez.mx\/?p=237360"},"modified":"2022-11-07T17:58:36","modified_gmt":"2022-11-07T23:58:36","slug":"jornada_bodas","status":"publish","type":"post","link":"https:\/\/plazajuarez.mx\/historico\/jornada_bodas\/","title":{"rendered":"<strong>Preparan jornada de Bodas Comunitarias<\/strong>"},"content":{"rendered":"\n<p>La Presidencia Municipal de Tepeapulco, en coordinaci\u00f3n con la Oficina del Registro Civil y de lo Familiar, preparan su segunda jornada colectiva de \u201cBodas Comunitarias 2022\u201d, como parte de las acciones que se promueven para fomentar la integraci\u00f3n de la familia.<\/p>\n\n\n\n<p>Josu\u00e9 Hern\u00e1ndez Partida, titular de la Oficina del Registro Civil y de lo Familiar, indic\u00f3 que el principal objetivo es que el mayor n\u00famero posible de parejas legalicen su uni\u00f3n y obtengan certeza jur\u00eddica, sobre todo cuando ya hay hijos de por medio.<\/p>\n\n\n\n<p>Dijo que la convocatoria es abierta y sin costo alguno, por lo que s\u00f3lo basta que los interesados decidan contraer nupcias por la v\u00eda civil, y acudan a las oficinas de Registro Civil, ubicada en la Presidencia Municipal de Tepeapulco.<\/p>\n\n\n\n<p>Al dar a conocer esto, dijo que la convocatoria vence el pr\u00f3ximo 11 de noviembre, para que la ceremonia oficial se realice el d\u00eda 18 de este mes, por lo que las autoridades prev\u00e9n que acudan, principalmente, las parejas que tienen tiempo de vivir en uni\u00f3n libre y las cuales ya decidieron legalizar su relaci\u00f3n.<\/p>\n\n\n\n<p>El funcionario municipal, precis\u00f3 que ambos contrayentes deber\u00e1n presentar, entre los requisitos, su solicitud de matrimonio, la cual se entrega en las cualquiera de las dos oficinas tanto del DIF, o del Registro Civil, solicitud de matrimonio, las actas de nacimiento recientes, as\u00ed como credenciales del INE, certificados pre-nupciales, CURP de los contrayentes, y cuatro testigos con copia de su credencial de elector.<\/p>\n","protected":false},"excerpt":{"rendered":"<p>La Presidencia Municipal de Tepeapulco, en coordinaci\u00f3n con la Oficina del Registro Civil y de lo Familiar, preparan su segunda jornada colectiva de \u201cBodas Comunitarias 2022\u201d, como parte de las acciones que se promueven para fomentar la integraci\u00f3n de la familia. Josu\u00e9 Hern\u00e1ndez Partida, titular de la Oficina del Registro Civil y de lo Familiar, [&hellip;]<\/p>\n","protected":false},"author":69,"featured_media":237361,"comment_status":"closed","ping_status":"closed","sticky":false,"template":"","format":"standard","meta":{"footnotes":""},"categories":[15,2159,40],"tags":[],"class_list":["post-237360","post","type-post","status-publish","format-standard","has-post-thumbnail","hentry","category-destacadas","category-noticias-de-hidalgo","category-region"],"_links":{"self":[{"href":"https:\/\/plazajuarez.mx\/historico\/wp-json\/wp\/v2\/posts\/237360","targetHints":{"allow":["GET"]}}],"collection":[{"href":"https:\/\/plazajuarez.mx\/historico\/wp-json\/wp\/v2\/posts"}],"about":[{"href":"https:\/\/plazajuarez.mx\/historico\/wp-json\/wp\/v2\/types\/post"}],"author":[{"embeddable":true,"href":"https:\/\/plazajuarez.mx\/historico\/wp-json\/wp\/v2\/users\/69"}],"replies":[{"embeddable":true,"href":"https:\/\/plazajuarez.mx\/historico\/wp-json\/wp\/v2\/comments?post=237360"}],"version-history":[{"count":0,"href":"https:\/\/plazajuarez.mx\/historico\/wp-json\/wp\/v2\/posts\/237360\/revisions"}],"wp:featuredmedia":[{"embeddable":true,"href":"https:\/\/plazajuarez.mx\/historico\/wp-json\/wp\/v2\/media\/237361"}],"wp:attachment":[{"href":"https:\/\/plazajuarez.mx\/historico\/wp-json\/wp\/v2\/media?parent=237360"}],"wp:term":[{"taxonomy":"category","embeddable":true,"href":"https:\/\/plazajuarez.mx\/historico\/wp-json\/wp\/v2\/categories?post=237360"},{"taxonomy":"post_tag","embeddable":true,"href":"https:\/\/plazajuarez.mx\/historico\/wp-json\/wp\/v2\/tags?post=237360"}],"curies":[{"name":"wp","href":"https:\/\/api.w.org\/{rel}","templated":true}]}}